{"id":88599,"date":"2018-01-03T16:18:03","date_gmt":"2018-01-03T18:18:03","guid":{"rendered":"http:\/\/diarioregionaljf.com.br\/2018\/01\/03\/onibus-e-assaltado-por-homem-armado-com-facas-no-santa-cruz\/"},"modified":"2018-01-03T16:18:03","modified_gmt":"2018-01-03T18:18:03","slug":"onibus-e-assaltado-por-homem-armado-com-facas-no-santa-cruz","status":"publish","type":"post","link":"https:\/\/diarioregionaldigital.com.br\/?p=88599","title":{"rendered":"\u00d4nibus \u00e9 assaltado por homem armado com facas no Santa Cruz"},"content":{"rendered":"<p>Um \u00f4nibus foi assaltado no in\u00edcio da noite desta ter\u00e7a-feira, 2, no bairro Santa Cruz, localizado na zona Norte da cidade.<\/p>\n<p>Segundo informa\u00e7\u00f5es da Pol\u00edcia Militar (PM), o coletivo, que faz a linha S\u00e3o Judas Tadeu, passava pela Rua Luiz Vilani, quando um indiv\u00edduo abordou o cobrador, de 23 anos.<\/p>\n<p>O autor portava duas facas e ap\u00f3s fazer amea\u00e7as contra a v\u00edtima, roubou seu aparelho celular e R$100. Ap\u00f3s a a\u00e7\u00e3o o assaltante pulou a roleta e ao passar pelo motorista cobriu o rosto.<\/p>\n<p>A PM realizou buscas pela regi\u00e3o, entretanto o indiv\u00edduo n\u00e3o foi localizado.<\/p>\n","protected":false},"excerpt":{"rendered":"<p>Um \u00f4nibus foi assaltado no in\u00edcio da noite desta ter\u00e7a-feira, 2, no bairro Santa Cruz, localizado na zona Norte da cidade. Segundo informa\u00e7\u00f5es da Pol\u00edcia Militar (PM), o coletivo, que faz a linha S\u00e3o Judas Tadeu, passava pela Rua Luiz Vilani, quando um indiv\u00edduo abordou o cobrador, de 23 anos. O autor portava duas facas [&hellip;]<\/p>\n","protected":false},"author":96,"featured_media":88598,"comment_status":"closed","ping_status":"closed","sticky":false,"template":"","format":"standard","meta":{"footnotes":""},"categories":[301],"tags":[],"class_list":["post-88599","post","type-post","status-publish","format-standard","has-post-thumbnail","hentry","category-artigos-policiais"],"_links":{"self":[{"href":"https:\/\/diarioregionaldigital.com.br\/index.php?rest_route=\/wp\/v2\/posts\/88599","targetHints":{"allow":["GET"]}}],"collection":[{"href":"https:\/\/diarioregionaldigital.com.br\/index.php?rest_route=\/wp\/v2\/posts"}],"about":[{"href":"https:\/\/diarioregionaldigital.com.br\/index.php?rest_route=\/wp\/v2\/types\/post"}],"author":[{"embeddable":true,"href":"https:\/\/diarioregionaldigital.com.br\/index.php?rest_route=\/wp\/v2\/users\/96"}],"replies":[{"embeddable":true,"href":"https:\/\/diarioregionaldigital.com.br\/index.php?rest_route=%2Fwp%2Fv2%2Fcomments&post=88599"}],"version-history":[{"count":0,"href":"https:\/\/diarioregionaldigital.com.br\/index.php?rest_route=\/wp\/v2\/posts\/88599\/revisions"}],"wp:featuredmedia":[{"embeddable":true,"href":"https:\/\/diarioregionaldigital.com.br\/index.php?rest_route=\/wp\/v2\/media\/88598"}],"wp:attachment":[{"href":"https:\/\/diarioregionaldigital.com.br\/index.php?rest_route=%2Fwp%2Fv2%2Fmedia&parent=88599"}],"wp:term":[{"taxonomy":"category","embeddable":true,"href":"https:\/\/diarioregionaldigital.com.br\/index.php?rest_route=%2Fwp%2Fv2%2Fcategories&post=88599"},{"taxonomy":"post_tag","embeddable":true,"href":"https:\/\/diarioregionaldigital.com.br\/index.php?rest_route=%2Fwp%2Fv2%2Ftags&post=88599"}],"curies":[{"name":"wp","href":"https:\/\/api.w.org\/{rel}","templated":true}]}}