{"id":88597,"date":"2018-01-03T15:58:46","date_gmt":"2018-01-03T17:58:46","guid":{"rendered":"http:\/\/diarioregionaljf.com.br\/2018\/01\/03\/jovem-e-assaltado-por-dupla-armada-na-avenida-jk\/"},"modified":"2018-01-03T15:58:46","modified_gmt":"2018-01-03T17:58:46","slug":"jovem-e-assaltado-por-dupla-armada-na-avenida-jk","status":"publish","type":"post","link":"https:\/\/diarioregionaldigital.com.br\/?p=88597","title":{"rendered":"Jovem \u00e9 assaltado por dupla armada na Avenida JK"},"content":{"rendered":"<p>Um jovem de 18 anos foi v\u00edtima de um assalto na noite desta ter\u00e7a-feira, 2 no bairro Benfica, localizado na zona Norte.<\/p>\n<p>Segundo informa\u00e7\u00f5es da Pol\u00edcia Militar (PM), o jovem passava pela Avenida Juscelino Kubitschek quando foi abordado por dois indiv\u00edduos, um deles com arma de fogo. A dupla o agarrou, roubou o celular e a quantia de R$32.<\/p>\n<p>Ap\u00f3s o crime os autores fugiram em uma bicicleta.<\/p>\n<p>Tempos depois a <a href=\"policial\/22659-jovem-e-assassinado-com-nove-tiros-no-bairro-benfica\">PM registrou o assassinato de um dos autores do assalto,<\/a> tamb\u00e9m no bairro Benfica. A v\u00edtima do assalto reconheceu, por foto, que se tratava de um dos autores do crime contra ele.<\/p>\n","protected":false},"excerpt":{"rendered":"<p>Um jovem de 18 anos foi v\u00edtima de um assalto na noite desta ter\u00e7a-feira, 2 no bairro Benfica, localizado na zona Norte. Segundo informa\u00e7\u00f5es da Pol\u00edcia Militar (PM), o jovem passava pela Avenida Juscelino Kubitschek quando foi abordado por dois indiv\u00edduos, um deles com arma de fogo. A dupla o agarrou, roubou o celular e [&hellip;]<\/p>\n","protected":false},"author":96,"featured_media":88596,"comment_status":"closed","ping_status":"closed","sticky":false,"template":"","format":"standard","meta":{"footnotes":""},"categories":[301],"tags":[],"class_list":["post-88597","post","type-post","status-publish","format-standard","has-post-thumbnail","hentry","category-artigos-policiais"],"_links":{"self":[{"href":"https:\/\/diarioregionaldigital.com.br\/index.php?rest_route=\/wp\/v2\/posts\/88597","targetHints":{"allow":["GET"]}}],"collection":[{"href":"https:\/\/diarioregionaldigital.com.br\/index.php?rest_route=\/wp\/v2\/posts"}],"about":[{"href":"https:\/\/diarioregionaldigital.com.br\/index.php?rest_route=\/wp\/v2\/types\/post"}],"author":[{"embeddable":true,"href":"https:\/\/diarioregionaldigital.com.br\/index.php?rest_route=\/wp\/v2\/users\/96"}],"replies":[{"embeddable":true,"href":"https:\/\/diarioregionaldigital.com.br\/index.php?rest_route=%2Fwp%2Fv2%2Fcomments&post=88597"}],"version-history":[{"count":0,"href":"https:\/\/diarioregionaldigital.com.br\/index.php?rest_route=\/wp\/v2\/posts\/88597\/revisions"}],"wp:featuredmedia":[{"embeddable":true,"href":"https:\/\/diarioregionaldigital.com.br\/index.php?rest_route=\/wp\/v2\/media\/88596"}],"wp:attachment":[{"href":"https:\/\/diarioregionaldigital.com.br\/index.php?rest_route=%2Fwp%2Fv2%2Fmedia&parent=88597"}],"wp:term":[{"taxonomy":"category","embeddable":true,"href":"https:\/\/diarioregionaldigital.com.br\/index.php?rest_route=%2Fwp%2Fv2%2Fcategories&post=88597"},{"taxonomy":"post_tag","embeddable":true,"href":"https:\/\/diarioregionaldigital.com.br\/index.php?rest_route=%2Fwp%2Fv2%2Ftags&post=88597"}],"curies":[{"name":"wp","href":"https:\/\/api.w.org\/{rel}","templated":true}]}}