{"id":88595,"date":"2018-01-03T14:58:09","date_gmt":"2018-01-03T16:58:09","guid":{"rendered":"http:\/\/diarioregionaljf.com.br\/2018\/01\/03\/dia-nacional-do-feirante-podera-ser-comemorado-em-25-de-agosto\/"},"modified":"2018-01-03T14:58:09","modified_gmt":"2018-01-03T16:58:09","slug":"dia-nacional-do-feirante-podera-ser-comemorado-em-25-de-agosto","status":"publish","type":"post","link":"https:\/\/diarioregionaldigital.com.br\/?p=88595","title":{"rendered":"Dia Nacional do Feirante poder\u00e1 ser comemorado em 25 de agosto"},"content":{"rendered":"<p>A Comiss\u00e3o de Educa\u00e7\u00e3o, Cultura e Esporte (CE) analisa o Projeto de Lei do Senado (PLS) 386\/2017, que institui o Dia Nacional do Feirante. A proposta, do senador Eduardo Amorim (PSDB-SE), ainda aguarda designa\u00e7\u00e3o de relator. A data escolhida para essa celebra\u00e7\u00e3o anual dever\u00e1 ser 25 de agosto, que coincide com a cria\u00e7\u00e3o dos mercados francos na cidade de S\u00e3o Paulo, em 1914. Naquela \u00e9poca, a medida foi uma forma de regularizar minimamente a situa\u00e7\u00e3o das feiras livres na cidade.<\/p>\n<p>Na justificativa \u00e0 proposta, o autor afirma que faz parte da cultura do povo brasileiro comprar nas feiras de rua. Segundo ele, s\u00e3o locais de distra\u00e7\u00e3o e divertimento, onde predomina o car\u00e1ter social, n\u00e3o se limitando ao mero fornecimento de mercadorias para consumo.<\/p>\n<p>Para Amorim, as feiras livres s\u00e3o consideradas patrim\u00f4nio cultural imaterial, pois transmitem, de gera\u00e7\u00e3o a gera\u00e7\u00e3o, os modos de conceber e viver neste grupo social. Elas existem desde o tempo do Brasil Col\u00f4nia e em muitos lugares, s\u00e3o as principais formas de com\u00e9rcio da popula\u00e7\u00e3o, funcionando inclusive como locais de cultura e lazer, argumentou o senador no texto do projeto.<\/p>\n<p>A proposta ter\u00e1 decis\u00e3o terminativa na CE. Se aprovada e n\u00e3o houver recurso para an\u00e1lise pelo Plen\u00e1rio do Senado, poder\u00e1 seguir para a C\u00e2mara dos Deputados.<\/p>\n<p>Fonte: Ag\u00eancia Senado<\/p>\n","protected":false},"excerpt":{"rendered":"<p>A Comiss\u00e3o de Educa\u00e7\u00e3o, Cultura e Esporte (CE) analisa o Projeto de Lei do Senado (PLS) 386\/2017, que institui o Dia Nacional do Feirante. A proposta, do senador Eduardo Amorim (PSDB-SE), ainda aguarda designa\u00e7\u00e3o de relator. A data escolhida para essa celebra\u00e7\u00e3o anual dever\u00e1 ser 25 de agosto, que coincide com a cria\u00e7\u00e3o dos mercados [&hellip;]<\/p>\n","protected":false},"author":96,"featured_media":88594,"comment_status":"closed","ping_status":"closed","sticky":false,"template":"","format":"standard","meta":{"footnotes":""},"categories":[254],"tags":[],"class_list":["post-88595","post","type-post","status-publish","format-standard","has-post-thumbnail","hentry","category-politica"],"_links":{"self":[{"href":"https:\/\/diarioregionaldigital.com.br\/index.php?rest_route=\/wp\/v2\/posts\/88595","targetHints":{"allow":["GET"]}}],"collection":[{"href":"https:\/\/diarioregionaldigital.com.br\/index.php?rest_route=\/wp\/v2\/posts"}],"about":[{"href":"https:\/\/diarioregionaldigital.com.br\/index.php?rest_route=\/wp\/v2\/types\/post"}],"author":[{"embeddable":true,"href":"https:\/\/diarioregionaldigital.com.br\/index.php?rest_route=\/wp\/v2\/users\/96"}],"replies":[{"embeddable":true,"href":"https:\/\/diarioregionaldigital.com.br\/index.php?rest_route=%2Fwp%2Fv2%2Fcomments&post=88595"}],"version-history":[{"count":0,"href":"https:\/\/diarioregionaldigital.com.br\/index.php?rest_route=\/wp\/v2\/posts\/88595\/revisions"}],"wp:featuredmedia":[{"embeddable":true,"href":"https:\/\/diarioregionaldigital.com.br\/index.php?rest_route=\/wp\/v2\/media\/88594"}],"wp:attachment":[{"href":"https:\/\/diarioregionaldigital.com.br\/index.php?rest_route=%2Fwp%2Fv2%2Fmedia&parent=88595"}],"wp:term":[{"taxonomy":"category","embeddable":true,"href":"https:\/\/diarioregionaldigital.com.br\/index.php?rest_route=%2Fwp%2Fv2%2Fcategories&post=88595"},{"taxonomy":"post_tag","embeddable":true,"href":"https:\/\/diarioregionaldigital.com.br\/index.php?rest_route=%2Fwp%2Fv2%2Ftags&post=88595"}],"curies":[{"name":"wp","href":"https:\/\/api.w.org\/{rel}","templated":true}]}}