{"id":88591,"date":"2018-01-03T14:44:55","date_gmt":"2018-01-03T16:44:55","guid":{"rendered":"http:\/\/diarioregionaljf.com.br\/2018\/01\/03\/projeto-criminaliza-exploracao-de-mao-de-obra-de-menores-de-14-anos\/"},"modified":"2018-01-03T14:44:55","modified_gmt":"2018-01-03T16:44:55","slug":"projeto-criminaliza-exploracao-de-mao-de-obra-de-menores-de-14-anos","status":"publish","type":"post","link":"https:\/\/diarioregionaldigital.com.br\/?p=88591","title":{"rendered":"Projeto criminaliza explora\u00e7\u00e3o de m\u00e3o de obra de menores de 14 anos"},"content":{"rendered":"<p>A C\u00e2mara dos Deputados discute proposta que torna crime explorar o trabalho de menores de 14 anos e submeter adolescente, entre 14 e 17 anos, a trabalho noturno, perigoso ou insalubre.<\/p>\n<p>O Projeto de Lei 6895\/17, de autoria do Senado, pune com reclus\u00e3o, de 2 a 4 anos, a contrata\u00e7\u00e3o ou explora\u00e7\u00e3o de trabalho de menores de 14 anos.<\/p>\n<p>A mesma pena ser\u00e1 aplicada a quem submeter adolescente entre 14 e 17 anos de idade a trabalho noturno, perigoso ou insalubre. O texto pune ainda a pessoa que permitir o exerc\u00edcio de trabalho ilegal de crian\u00e7a ou adolescente sob sua autoridade, guarda ou vigil\u00e2ncia.<\/p>\n<p>A regra n\u00e3o vale para menores que ajudam os pais fora do hor\u00e1rio escolar, desde que n\u00e3o prejudique sua forma\u00e7\u00e3o educacional e que o trabalho seja compat\u00edvel com suas condi\u00e7\u00f5es f\u00edsicas e ps\u00edquicas.<\/p>\n<p>A proposta, que altera o C\u00f3digo Penal (Decreto-Lei 2.848\/40), tamb\u00e9m deixa claro que n\u00e3o \u00e9 crime a participa\u00e7\u00e3o infantojuvenil em atividades art\u00edsticas e desportivas, desde que devidamente autorizados pelo juiz competente.<\/p>\n<p>&nbsp;<\/p>\n<h4>TRAMITA\u00c7\u00c3O<\/h4>\n<p>A proposta ser\u00e1 analisada pela Comiss\u00e3o de Constitui\u00e7\u00e3o e Justi\u00e7a e de Cidadania, inclusive quanto ao m\u00e9rito, antes de ser encaminhada ao Plen\u00e1rio da C\u00e2mara.<\/p>\n<p>Fonte: Ag\u00eancia C\u00e2mara Not\u00edcias<\/p>\n","protected":false},"excerpt":{"rendered":"<p>A C\u00e2mara dos Deputados discute proposta que torna crime explorar o trabalho de menores de 14 anos e submeter adolescente, entre 14 e 17 anos, a trabalho noturno, perigoso ou insalubre. O Projeto de Lei 6895\/17, de autoria do Senado, pune com reclus\u00e3o, de 2 a 4 anos, a contrata\u00e7\u00e3o ou explora\u00e7\u00e3o de trabalho de [&hellip;]<\/p>\n","protected":false},"author":96,"featured_media":88590,"comment_status":"closed","ping_status":"closed","sticky":false,"template":"","format":"standard","meta":{"footnotes":""},"categories":[254],"tags":[],"class_list":["post-88591","post","type-post","status-publish","format-standard","has-post-thumbnail","hentry","category-politica"],"_links":{"self":[{"href":"https:\/\/diarioregionaldigital.com.br\/index.php?rest_route=\/wp\/v2\/posts\/88591","targetHints":{"allow":["GET"]}}],"collection":[{"href":"https:\/\/diarioregionaldigital.com.br\/index.php?rest_route=\/wp\/v2\/posts"}],"about":[{"href":"https:\/\/diarioregionaldigital.com.br\/index.php?rest_route=\/wp\/v2\/types\/post"}],"author":[{"embeddable":true,"href":"https:\/\/diarioregionaldigital.com.br\/index.php?rest_route=\/wp\/v2\/users\/96"}],"replies":[{"embeddable":true,"href":"https:\/\/diarioregionaldigital.com.br\/index.php?rest_route=%2Fwp%2Fv2%2Fcomments&post=88591"}],"version-history":[{"count":0,"href":"https:\/\/diarioregionaldigital.com.br\/index.php?rest_route=\/wp\/v2\/posts\/88591\/revisions"}],"wp:featuredmedia":[{"embeddable":true,"href":"https:\/\/diarioregionaldigital.com.br\/index.php?rest_route=\/wp\/v2\/media\/88590"}],"wp:attachment":[{"href":"https:\/\/diarioregionaldigital.com.br\/index.php?rest_route=%2Fwp%2Fv2%2Fmedia&parent=88591"}],"wp:term":[{"taxonomy":"category","embeddable":true,"href":"https:\/\/diarioregionaldigital.com.br\/index.php?rest_route=%2Fwp%2Fv2%2Fcategories&post=88591"},{"taxonomy":"post_tag","embeddable":true,"href":"https:\/\/diarioregionaldigital.com.br\/index.php?rest_route=%2Fwp%2Fv2%2Ftags&post=88591"}],"curies":[{"name":"wp","href":"https:\/\/api.w.org\/{rel}","templated":true}]}}