{"id":88589,"date":"2018-01-03T14:38:48","date_gmt":"2018-01-03T16:38:48","guid":{"rendered":"http:\/\/diarioregionaljf.com.br\/2018\/01\/03\/camara-analisa-reducao-de-tributo-para-setor-hoteleiro\/"},"modified":"2018-01-03T14:38:48","modified_gmt":"2018-01-03T16:38:48","slug":"camara-analisa-reducao-de-tributo-para-setor-hoteleiro","status":"publish","type":"post","link":"https:\/\/diarioregionaldigital.com.br\/?p=88589","title":{"rendered":"C\u00e2mara analisa redu\u00e7\u00e3o de tributo para setor hoteleiro"},"content":{"rendered":"<p>A C\u00e2mara dos Deputados analisa o Projeto de Lei 6801\/17, do deputado licenciado Felipe Carreras (PSB-PE), que reduz de 4,5 % para 2% a contribui\u00e7\u00e3o sobre o valor da receita bruta paga pelo setor hoteleiro.<\/p>\n<p>O tributo, tamb\u00e9m chamado de \u201cdesonera\u00e7\u00e3o da folha de pagamento\u201d, incide sobre o faturamento da empresa e substitui a contribui\u00e7\u00e3o patronal de 20% incidente sobre a folha de pagamento.<\/p>\n<p>Para o autor, a iniciativa aumentar\u00e1 a competitividade no mercado nacional e frente aos turistas estrangeiros. \u201c\u00c9 necess\u00e1rio um incentivo para voltar a crescer e, assim, contribuir para a redu\u00e7\u00e3o do desemprego que hoje atinge mais de 12 milh\u00f5es de brasileiros\u201d, frisou o deputado.<\/p>\n<p>&nbsp;<\/p>\n<h4>TRAMITA\u00c7\u00c3O<\/h4>\n<p>A proposta ser\u00e1 analisada de forma conclusiva pelas comiss\u00f5es de Turismo; de Finan\u00e7as e Tributa\u00e7\u00e3o; e de Constitui\u00e7\u00e3o e Justi\u00e7a e de Cidadania.<\/p>\n<p>Fonte: Ag\u00eancia C\u00e2mara Not\u00edcias<\/p>\n","protected":false},"excerpt":{"rendered":"<p>A C\u00e2mara dos Deputados analisa o Projeto de Lei 6801\/17, do deputado licenciado Felipe Carreras (PSB-PE), que reduz de 4,5 % para 2% a contribui\u00e7\u00e3o sobre o valor da receita bruta paga pelo setor hoteleiro. O tributo, tamb\u00e9m chamado de \u201cdesonera\u00e7\u00e3o da folha de pagamento\u201d, incide sobre o faturamento da empresa e substitui a contribui\u00e7\u00e3o [&hellip;]<\/p>\n","protected":false},"author":96,"featured_media":88588,"comment_status":"closed","ping_status":"closed","sticky":false,"template":"","format":"standard","meta":{"footnotes":""},"categories":[254],"tags":[],"class_list":["post-88589","post","type-post","status-publish","format-standard","has-post-thumbnail","hentry","category-politica"],"_links":{"self":[{"href":"https:\/\/diarioregionaldigital.com.br\/index.php?rest_route=\/wp\/v2\/posts\/88589","targetHints":{"allow":["GET"]}}],"collection":[{"href":"https:\/\/diarioregionaldigital.com.br\/index.php?rest_route=\/wp\/v2\/posts"}],"about":[{"href":"https:\/\/diarioregionaldigital.com.br\/index.php?rest_route=\/wp\/v2\/types\/post"}],"author":[{"embeddable":true,"href":"https:\/\/diarioregionaldigital.com.br\/index.php?rest_route=\/wp\/v2\/users\/96"}],"replies":[{"embeddable":true,"href":"https:\/\/diarioregionaldigital.com.br\/index.php?rest_route=%2Fwp%2Fv2%2Fcomments&post=88589"}],"version-history":[{"count":0,"href":"https:\/\/diarioregionaldigital.com.br\/index.php?rest_route=\/wp\/v2\/posts\/88589\/revisions"}],"wp:featuredmedia":[{"embeddable":true,"href":"https:\/\/diarioregionaldigital.com.br\/index.php?rest_route=\/wp\/v2\/media\/88588"}],"wp:attachment":[{"href":"https:\/\/diarioregionaldigital.com.br\/index.php?rest_route=%2Fwp%2Fv2%2Fmedia&parent=88589"}],"wp:term":[{"taxonomy":"category","embeddable":true,"href":"https:\/\/diarioregionaldigital.com.br\/index.php?rest_route=%2Fwp%2Fv2%2Fcategories&post=88589"},{"taxonomy":"post_tag","embeddable":true,"href":"https:\/\/diarioregionaldigital.com.br\/index.php?rest_route=%2Fwp%2Fv2%2Ftags&post=88589"}],"curies":[{"name":"wp","href":"https:\/\/api.w.org\/{rel}","templated":true}]}}