{"id":88587,"date":"2018-01-03T14:27:35","date_gmt":"2018-01-03T16:27:35","guid":{"rendered":"http:\/\/diarioregionaljf.com.br\/2018\/01\/03\/agu-divulga-cartilha-sobre-conduta-de-agentes-publicos-nas-eleicoes-2018\/"},"modified":"2018-01-03T14:27:35","modified_gmt":"2018-01-03T16:27:35","slug":"agu-divulga-cartilha-sobre-conduta-de-agentes-publicos-nas-eleicoes-2018","status":"publish","type":"post","link":"https:\/\/diarioregionaldigital.com.br\/?p=88587","title":{"rendered":"AGU divulga cartilha sobre conduta de agentes p\u00fablicos nas elei\u00e7\u00f5es 2018"},"content":{"rendered":"<p>A Advocacia-Geral da Uni\u00e3o (AGU) divulgou cartilha com informa\u00e7\u00f5es sobre os direitos e as normas que devem orientar a atua\u00e7\u00e3o dos agentes p\u00fablicos nas elei\u00e7\u00f5es deste ano. O objetivo \u00e9 evitar a pr\u00e1tica de atos il\u00edcitos por agentes p\u00fablicos, candidatos ou n\u00e3o, e impedir o uso da m\u00e1quina p\u00fablica em favor de alguma candidatura.<\/p>\n<p>A cartilha traz orienta\u00e7\u00f5es espec\u00edficas sobre condutas vedadas pela legisla\u00e7\u00e3o eleitoral, al\u00e9m de definir a melhor conduta \u00e9tica a ser adotada durante o per\u00edodo eleitoral. O guia tem 60 p\u00e1ginas e \u00e9 dividido por temas, como a defini\u00e7\u00e3o de agente p\u00fablico para fins de aplica\u00e7\u00e3o da legisla\u00e7\u00e3o eleitoral, as condi\u00e7\u00f5es de elegibilidade e inelegibilidade, os prazos de desincompatibiliza\u00e7\u00e3o e a suspens\u00e3o ou perda de direitos pol\u00edticos.<\/p>\n<p>Segundo a Lei 9.504\/97, que estabelece normas para as elei\u00e7\u00f5es, j\u00e1 est\u00e1 proibida a distribui\u00e7\u00e3o gratuita de bens, valores ou benef\u00edcios pela Administra\u00e7\u00e3o P\u00fablica, exceto nos casos de calamidade p\u00fablica, de estado de emerg\u00eancia ou de programas sociais autorizados em lei e j\u00e1 em execu\u00e7\u00e3o or\u00e7ament\u00e1ria no exerc\u00edcio anterior.<\/p>\n<p>A lei tamb\u00e9m estabelece que programas sociais n\u00e3o poder\u00e3o ser executados por entidade nominalmente vinculada ou mantida por candidatos.<\/p>\n<p>De acordo com as orienta\u00e7\u00f5es, a participa\u00e7\u00e3o em campanhas eleitorais \u00e9 direito de todos, n\u00e3o sendo vedada a atua\u00e7\u00e3o de agentes p\u00fablicos, fora do hor\u00e1rio de trabalho, em eventos de campanha, \u201cdevendo observar, no entanto, os limites impostos pela legisla\u00e7\u00e3o, bem como os princ\u00edpios \u00e9ticos que regem a Administra\u00e7\u00e3o P\u00fablica\u201d.<\/p>\n<p>Fonte: Ag\u00eancia Brasil<\/p>\n","protected":false},"excerpt":{"rendered":"<p>A Advocacia-Geral da Uni\u00e3o (AGU) divulgou cartilha com informa\u00e7\u00f5es sobre os direitos e as normas que devem orientar a atua\u00e7\u00e3o dos agentes p\u00fablicos nas elei\u00e7\u00f5es deste ano. O objetivo \u00e9 evitar a pr\u00e1tica de atos il\u00edcitos por agentes p\u00fablicos, candidatos ou n\u00e3o, e impedir o uso da m\u00e1quina p\u00fablica em favor de alguma candidatura. A [&hellip;]<\/p>\n","protected":false},"author":96,"featured_media":88586,"comment_status":"closed","ping_status":"closed","sticky":false,"template":"","format":"standard","meta":{"footnotes":""},"categories":[254],"tags":[],"class_list":["post-88587","post","type-post","status-publish","format-standard","has-post-thumbnail","hentry","category-politica"],"_links":{"self":[{"href":"https:\/\/diarioregionaldigital.com.br\/index.php?rest_route=\/wp\/v2\/posts\/88587","targetHints":{"allow":["GET"]}}],"collection":[{"href":"https:\/\/diarioregionaldigital.com.br\/index.php?rest_route=\/wp\/v2\/posts"}],"about":[{"href":"https:\/\/diarioregionaldigital.com.br\/index.php?rest_route=\/wp\/v2\/types\/post"}],"author":[{"embeddable":true,"href":"https:\/\/diarioregionaldigital.com.br\/index.php?rest_route=\/wp\/v2\/users\/96"}],"replies":[{"embeddable":true,"href":"https:\/\/diarioregionaldigital.com.br\/index.php?rest_route=%2Fwp%2Fv2%2Fcomments&post=88587"}],"version-history":[{"count":0,"href":"https:\/\/diarioregionaldigital.com.br\/index.php?rest_route=\/wp\/v2\/posts\/88587\/revisions"}],"wp:featuredmedia":[{"embeddable":true,"href":"https:\/\/diarioregionaldigital.com.br\/index.php?rest_route=\/wp\/v2\/media\/88586"}],"wp:attachment":[{"href":"https:\/\/diarioregionaldigital.com.br\/index.php?rest_route=%2Fwp%2Fv2%2Fmedia&parent=88587"}],"wp:term":[{"taxonomy":"category","embeddable":true,"href":"https:\/\/diarioregionaldigital.com.br\/index.php?rest_route=%2Fwp%2Fv2%2Fcategories&post=88587"},{"taxonomy":"post_tag","embeddable":true,"href":"https:\/\/diarioregionaldigital.com.br\/index.php?rest_route=%2Fwp%2Fv2%2Ftags&post=88587"}],"curies":[{"name":"wp","href":"https:\/\/api.w.org\/{rel}","templated":true}]}}