{"id":88585,"date":"2018-01-03T14:22:56","date_gmt":"2018-01-03T16:22:56","guid":{"rendered":"http:\/\/diarioregionaljf.com.br\/2018\/01\/03\/brasil-saiu-da-recessao-em-prazo-menor-que-o-projetado-diz-moreira-franco\/"},"modified":"2018-01-03T14:22:56","modified_gmt":"2018-01-03T16:22:56","slug":"brasil-saiu-da-recessao-em-prazo-menor-que-o-projetado-diz-moreira-franco","status":"publish","type":"post","link":"https:\/\/diarioregionaldigital.com.br\/?p=88585","title":{"rendered":"Brasil saiu da recess\u00e3o em prazo menor que o projetado, diz Moreira Franco"},"content":{"rendered":"<p>O ministro da Secretaria-Geral da Presid\u00eancia da Rep\u00fablica, Moreira Franco, afirma que o governo Michel Temer ingressa 2018 na certeza de que \u201ctirou o Brasil da recess\u00e3o num prazo at\u00e9 muito mais curto do que projet\u00e1vamos\u201d. Em entrevista exclusiva para a edi\u00e7\u00e3o especial do programa Nos Corredores do Poder, exibido nessa ter\u00e7a-feira, 2, pela TV Brasil, Moreira destaca que, apesar de o governo ter sido \u201cacossado por uma trama de den\u00fancias, com o objetivo claro de desestabilizar e at\u00e9 de derrubar o pr\u00f3prio presidente da Rep\u00fablica\u201d, as dificuldades foram superadas e o movimento de gera\u00e7\u00e3o de empregos est\u00e1 sendo restabelecido.<\/p>\n<p>\u201cAinda n\u00e3o temos todos os empregos que achamos que temos que ter, mas vamos conseguir isto para que todos os brasileiros possam ter igualdade de oportunidades e viver numa sociedade sem privil\u00e9gios\u201d, disse o ministro. Ele lembrou que a situa\u00e7\u00e3o de d\u00e9ficit permanente que atinge tanto os Munic\u00edpios, como os Estados e a Uni\u00e3o, tem na Previd\u00eancia a grande respons\u00e1vel. E defendeu n\u00e3o s\u00f3 a reforma previdenci\u00e1ria, como tamb\u00e9m a tribut\u00e1ria, que ser\u00e3o focos do governo neste ano.<\/p>\n<p>O ministro admitiu que existem grandes privil\u00e9gios no pa\u00eds, onde \u201cmuito poucos t\u00eam acesso a recursos financeiros, a cr\u00e9dito subsidiado, enquanto a grande maioria sofre desesperadamente\u201d. E defendeu a desburocratiza\u00e7\u00e3o dos processos para facilitar a abertura de empresas e a gera\u00e7\u00e3o de empregos. \u201cN\u00f3s temos que simplificar. H\u00e1 uma vol\u00fapia administrativa, fruto do esp\u00edrito corporativo que voc\u00ea dificulta a vida das pessoas. Se voc\u00ea leva 20 dias pra abrir uma empresa, por que n\u00e3o abrir em dois dias. Se voc\u00ea \u00e9 uma pessoa s\u00e9ria, honesta, porque voc\u00ea tem que provar que \u00e9 s\u00e9ria e honesta?\u201d, questionou o ministro.<\/p>\n<p>&nbsp;<\/p>\n<h4>AGORA \u00c9 AVAN\u00c7AR<\/h4>\n<p>Moreira Franco disse na entrevista que, mesmo em um ano mais curto em raz\u00e3o das elei\u00e7\u00f5es, o governo pretende entregar obras que estavam paralisadas e foram retomadas dentro do programa Agora \u00e9 Avan\u00e7ar. \u201cO esfor\u00e7o que estamos fazendo vai permitir, com inaugura\u00e7\u00e3o festiva ou n\u00e3o. O que importa \u00e9 que a obra seja entregue, que o benef\u00edcio esteja presente na vida das pessoas\u201d, disse ele, que coordena o programa.<\/p>\n<p>Segundo o ministro, o governo tem enfrentado a quest\u00e3o do desemprego com a maior determina\u00e7\u00e3o. Ele defende mudan\u00e7as na pol\u00edtica de qualifica\u00e7\u00e3o dos trabalhadores como solu\u00e7\u00e3o para aumentar a produtividade do pa\u00eds.<\/p>\n<p>\u201cA cultura brasileira d\u00e1 a qualifica\u00e7\u00e3o para a m\u00e3o de obra desempregada. E muitas vezes a pessoa tem acesso a um tipo de conhecimento que nem vai usar, porque ela n\u00e3o t\u00e1 empregada e o emprego que encontra n\u00e3o \u00e9 um emprego que esteja em uma linha direta, decorrente do que foi aprendido no curso de qualifica\u00e7\u00e3o\u201d.<\/p>\n<p>&nbsp;<\/p>\n<h4>LAVA-JATO<\/h4>\n<p>Moreira afirma ter \u201cabsoluta convic\u00e7\u00e3o\u201d do resultado final da Opera\u00e7\u00e3o Lava-Jato e de outras opera\u00e7\u00f5es contra a corrup\u00e7\u00e3o. Ele entende ser fundamental para o pa\u00eds ter regras em que haja transpar\u00eancia. \u201cEste processo como um todo vai ser &#8211; e ser\u00e1 &#8211; extremamente produtivo para o fortalecimento das institui\u00e7\u00f5es. Creio que as consequ\u00eancias pol\u00edticas j\u00e1 se verificaram\u201d, completou.<\/p>\n<p>Moreira Franco tamb\u00e9m disse que \u00e9 preciso evitar procedimentos que n\u00e3o est\u00e3o bem definidos dentro da lei e que enfraquecem o processo de apura\u00e7\u00e3o. \u201cSe desvendou toda uma trama para derrubar o presidente da Rep\u00fablica, felizmente as consequ\u00eancias n\u00e3o foram atingidas por quem queria derrub\u00e1-lo. Isso tudo contribui para dar ao processo, como um todo, que \u00e9 hist\u00f3rico, mais seguran\u00e7a e mais compromisso com as regras que est\u00e3o definidas nas leis e na Constitui\u00e7\u00e3o do pa\u00eds\u201d.<\/p>\n<p>Na entrevista, o ministro criticou a forma como as den\u00fancias contra o presidente Temer foram conduzidas. \u201cSe tiv\u00e9ssemos tido um encaminhamento das den\u00fancias contra o presidente Temer postas de uma maneira menos sensacionalista, com coberturas que se pautaram pelo histrionismo, pelo sentido da espetaculariza\u00e7\u00e3o, n\u00f3s ter\u00edamos no ano passado avan\u00e7ado muito mais em conquistas econ\u00f4micas, avan\u00e7o do emprego e do investimento.\u201d<\/p>\n<p>&nbsp;<\/p>\n<h4>ELEI\u00c7\u00d5ES<\/h4>\n<p>Questionado sobre candidaturas e sobre o cen\u00e1rio de elei\u00e7\u00f5es, Moreira reafirmou sua cren\u00e7a de que todas as for\u00e7as pol\u00edticas do Pa\u00eds ter\u00e3o, no processo eleitoral, \u201co espa\u00e7o necess\u00e1rio para que se esclare\u00e7a de maneira transparente, qual o caminho que n\u00f3s queremos seguir e definir para o Brasil\u201d.<\/p>\n<p>E defendeu o programa &#8220;Uma Ponte para o Futuro e a Travessia Social&#8221;, elaborado por seu partido \u2013 o MDB, elencando os pressupostos para a conjuntura econ\u00f4mica brasileira.<\/p>\n<p>Segundo ele, um dos principais objetivos do programa, que serve de \u201cb\u00edblia\u201d ao partido e ao governo, \u00e9 permitir que pelo menos tr\u00eas gera\u00e7\u00f5es sucessivas possam garantir a seus filhos melhores condi\u00e7\u00f5es de vida do que aquelas que est\u00e3o vivendo.<\/p>\n<p>\u201cN\u00e3o adianta se achar que pouca infla\u00e7\u00e3o \u00e9 bom. Infla\u00e7\u00e3o \u00e9 ruim em qualquer circunst\u00e2ncia. N\u00e3o adianta achar que se vai ter experi\u00eancias pr\u00f3prias e criar a teoria econ\u00f4mica no Brasil, sacrificando as pessoas como se tentou no governo anterior, com a nova matriz econ\u00f4mica. Deu no que deu&#8221;, encerrou.<\/p>\n<p>Fonte: Ag\u00eancia Brasil<\/p>\n","protected":false},"excerpt":{"rendered":"<p>O ministro da Secretaria-Geral da Presid\u00eancia da Rep\u00fablica, Moreira Franco, afirma que o governo Michel Temer ingressa 2018 na certeza de que \u201ctirou o Brasil da recess\u00e3o num prazo at\u00e9 muito mais curto do que projet\u00e1vamos\u201d. Em entrevista exclusiva para a edi\u00e7\u00e3o especial do programa Nos Corredores do Poder, exibido nessa ter\u00e7a-feira, 2, pela TV [&hellip;]<\/p>\n","protected":false},"author":96,"featured_media":88584,"comment_status":"closed","ping_status":"closed","sticky":false,"template":"","format":"standard","meta":{"footnotes":""},"categories":[254],"tags":[],"class_list":["post-88585","post","type-post","status-publish","format-standard","has-post-thumbnail","hentry","category-politica"],"_links":{"self":[{"href":"https:\/\/diarioregionaldigital.com.br\/index.php?rest_route=\/wp\/v2\/posts\/88585","targetHints":{"allow":["GET"]}}],"collection":[{"href":"https:\/\/diarioregionaldigital.com.br\/index.php?rest_route=\/wp\/v2\/posts"}],"about":[{"href":"https:\/\/diarioregionaldigital.com.br\/index.php?rest_route=\/wp\/v2\/types\/post"}],"author":[{"embeddable":true,"href":"https:\/\/diarioregionaldigital.com.br\/index.php?rest_route=\/wp\/v2\/users\/96"}],"replies":[{"embeddable":true,"href":"https:\/\/diarioregionaldigital.com.br\/index.php?rest_route=%2Fwp%2Fv2%2Fcomments&post=88585"}],"version-history":[{"count":0,"href":"https:\/\/diarioregionaldigital.com.br\/index.php?rest_route=\/wp\/v2\/posts\/88585\/revisions"}],"wp:featuredmedia":[{"embeddable":true,"href":"https:\/\/diarioregionaldigital.com.br\/index.php?rest_route=\/wp\/v2\/media\/88584"}],"wp:attachment":[{"href":"https:\/\/diarioregionaldigital.com.br\/index.php?rest_route=%2Fwp%2Fv2%2Fmedia&parent=88585"}],"wp:term":[{"taxonomy":"category","embeddable":true,"href":"https:\/\/diarioregionaldigital.com.br\/index.php?rest_route=%2Fwp%2Fv2%2Fcategories&post=88585"},{"taxonomy":"post_tag","embeddable":true,"href":"https:\/\/diarioregionaldigital.com.br\/index.php?rest_route=%2Fwp%2Fv2%2Ftags&post=88585"}],"curies":[{"name":"wp","href":"https:\/\/api.w.org\/{rel}","templated":true}]}}