{"id":88581,"date":"2018-01-03T13:53:57","date_gmt":"2018-01-03T15:53:57","guid":{"rendered":"http:\/\/diarioregionaljf.com.br\/2018\/01\/03\/dupla-rouba-joias-de-colecao-do-emir-do-catar-expostas-em-palacio-de-veneza\/"},"modified":"2018-01-03T13:53:57","modified_gmt":"2018-01-03T15:53:57","slug":"dupla-rouba-joias-de-colecao-do-emir-do-catar-expostas-em-palacio-de-veneza","status":"publish","type":"post","link":"https:\/\/diarioregionaldigital.com.br\/?p=88581","title":{"rendered":"Dupla rouba joias de cole\u00e7\u00e3o do emir do Catar expostas em pal\u00e1cio de Veneza"},"content":{"rendered":"<p>Joias que pertencem \u00e0 cole\u00e7\u00e3o do emir do Catar, Hamad bin Khalifa Al Thani, expostas em uma mostra tempor\u00e1ria no Pal\u00e1cio Ducal de Veneza foram roubadas nesta quarta-feira, 3.<\/p>\n<p>Fontes do pal\u00e1cio se negaram a dar informa\u00e7\u00f5es sobre o incidente, mas, segundo a imprensa local, as joias eram avaliadas em cerca de 30 mil euros (cerca de R$115 mil).<\/p>\n<p>As joias foram roubadas de uma da vitrine e faziam parte de uma mostra que re\u00fane 270 pe\u00e7as datadas do s\u00e9culo XIV at\u00e9 o XX, de v\u00e1rios autores e muitas delas parte da cole\u00e7\u00e3o do emir catariano.<\/p>\n<p>O Pal\u00e1cio Ducal de Veneza foi fechado. As pessoas que estavam visitando a exposi\u00e7\u00e3o na hora do crime foram mantidas no local.<\/p>\n<p>A pol\u00edcia tenta esclarecer o que ocorreu e j\u00e1 verificou as c\u00e2meras de seguran\u00e7a do pal\u00e1cio. Segundo a imprensa local, duas pessoas est\u00e3o envolvidas no roubo. Uma delas for\u00e7ou a vitrine para pegar um broche de ouro e v\u00e1rios brincos.<\/p>\n<p>Fonte: Ag\u00eancia Brasil<\/p>\n","protected":false},"excerpt":{"rendered":"<p>Joias que pertencem \u00e0 cole\u00e7\u00e3o do emir do Catar, Hamad bin Khalifa Al Thani, expostas em uma mostra tempor\u00e1ria no Pal\u00e1cio Ducal de Veneza foram roubadas nesta quarta-feira, 3. Fontes do pal\u00e1cio se negaram a dar informa\u00e7\u00f5es sobre o incidente, mas, segundo a imprensa local, as joias eram avaliadas em cerca de 30 mil euros [&hellip;]<\/p>\n","protected":false},"author":96,"featured_media":88580,"comment_status":"closed","ping_status":"closed","sticky":false,"template":"","format":"standard","meta":{"footnotes":""},"categories":[302],"tags":[],"class_list":["post-88581","post","type-post","status-publish","format-standard","has-post-thumbnail","hentry","category-brasil-mundo"],"_links":{"self":[{"href":"https:\/\/diarioregionaldigital.com.br\/index.php?rest_route=\/wp\/v2\/posts\/88581","targetHints":{"allow":["GET"]}}],"collection":[{"href":"https:\/\/diarioregionaldigital.com.br\/index.php?rest_route=\/wp\/v2\/posts"}],"about":[{"href":"https:\/\/diarioregionaldigital.com.br\/index.php?rest_route=\/wp\/v2\/types\/post"}],"author":[{"embeddable":true,"href":"https:\/\/diarioregionaldigital.com.br\/index.php?rest_route=\/wp\/v2\/users\/96"}],"replies":[{"embeddable":true,"href":"https:\/\/diarioregionaldigital.com.br\/index.php?rest_route=%2Fwp%2Fv2%2Fcomments&post=88581"}],"version-history":[{"count":0,"href":"https:\/\/diarioregionaldigital.com.br\/index.php?rest_route=\/wp\/v2\/posts\/88581\/revisions"}],"wp:featuredmedia":[{"embeddable":true,"href":"https:\/\/diarioregionaldigital.com.br\/index.php?rest_route=\/wp\/v2\/media\/88580"}],"wp:attachment":[{"href":"https:\/\/diarioregionaldigital.com.br\/index.php?rest_route=%2Fwp%2Fv2%2Fmedia&parent=88581"}],"wp:term":[{"taxonomy":"category","embeddable":true,"href":"https:\/\/diarioregionaldigital.com.br\/index.php?rest_route=%2Fwp%2Fv2%2Fcategories&post=88581"},{"taxonomy":"post_tag","embeddable":true,"href":"https:\/\/diarioregionaldigital.com.br\/index.php?rest_route=%2Fwp%2Fv2%2Ftags&post=88581"}],"curies":[{"name":"wp","href":"https:\/\/api.w.org\/{rel}","templated":true}]}}