{"id":88577,"date":"2018-01-03T13:42:57","date_gmt":"2018-01-03T15:42:57","guid":{"rendered":"http:\/\/diarioregionaljf.com.br\/2018\/01\/03\/brasileiro-esta-preso-na-venezuela-por-acao-contra-maduro\/"},"modified":"2018-01-03T13:42:57","modified_gmt":"2018-01-03T15:42:57","slug":"brasileiro-esta-preso-na-venezuela-por-acao-contra-maduro","status":"publish","type":"post","link":"https:\/\/diarioregionaldigital.com.br\/?p=88577","title":{"rendered":"Brasileiro est\u00e1 preso na Venezuela por a\u00e7\u00e3o contra Maduro"},"content":{"rendered":"<p>Nessa ter\u00e7a-feira, 2, completou cinco dias da pris\u00e3o de Jonatan Mois\u00e9s Diniz. O catarinense de 31 anos foi detido no dia 28 de dezembro pelas for\u00e7as de seguran\u00e7a da Venezuela, no estado de Vargas. Segundo a ag\u00eancia oficial de not\u00edcias do governo, ele \u00e9 acusado de manter atividades desestabilizadoras contra o regime de Nicol\u00e1s Maduro.<\/p>\n<p>O an\u00fancio da pris\u00e3o foi feito pelo parlamentar socialista Diosdado Cabello no programa que dirige no canal estatal VTV. Al\u00e9m de Jonatan, foram presos outros tr\u00eas venezuelanos. Eles fariam parte da Organiza\u00e7\u00e3o N\u00e3o Governamental Time to Change the Earth (\u201ctempo de mudar a Terra\u201d, na tradu\u00e7\u00e3o em portugu\u00eas).<\/p>\n<p>Para o governo, a entidade seria uma \u201corganiza\u00e7\u00e3o criminosa com tent\u00e1culos internacionais\u201d, que distribuiria alimentos e bens a moradores de rua com o objetivo de obter recursos em moeda nacional com vistas a promover a\u00e7\u00f5es contra o governo.<\/p>\n<p>&#8220;Sabemos que esse tipo de a\u00e7\u00f5es da CIA (Ag\u00eancia Central de Intelig\u00eancia), em outras ocasi\u00f5es e em outros pa\u00edses, s\u00e3o fachadas para percorrer o pa\u00eds, identificar objetivos estrat\u00e9gicos, financiar terroristas e outros&#8221;, afirmou Cabello em seu programa.<\/p>\n<p>&nbsp;<\/p>\n<h4>NEGOCIA\u00c7\u00d5ES<\/h4>\n<p>O governo brasileiro tenta, por meio do Minist\u00e9rio das Rela\u00e7\u00f5es Exteriores, negociar a liberta\u00e7\u00e3o de Jonatan. O Itamaraty informou \u00e0 Ag\u00eancia Brasil que o consulado do Brasil em Caracas mant\u00e9m tratativas com o governo venezuelano \u201cpara prestar a assist\u00eancia consular cab\u00edvel\u201d, mas explicou que n\u00e3o divulgaria informa\u00e7\u00f5es pessoais \u201cem respeito \u00e0 privacidade do brasileiro\u201d.<\/p>\n<p>A interlocu\u00e7\u00e3o \u00e9 feita pelo corpo diplom\u00e1tico que permaneceu no pa\u00eds, uma vez que nenhum dos dois chanceleres est\u00e3o no exerc\u00edcio de suas fun\u00e7\u00f5es. No dia 23, a Assembleia Nacional Venezuelana declarou o embaixador Ruy Pereira pessoa n\u00e3o grata, o equivalente no campo diplom\u00e1tico a uma expuls\u00e3o, por considerar que houve uma ruptura constitucional com o impeachment de Dilma Rousseff em 2016. Em resposta, o governo brasileiro adotou a mesma medida no dia 26 do mesmo m\u00eas em rela\u00e7\u00e3o ao principal dirigente da representa\u00e7\u00e3o venezuelana, Girard Ant\u00f4nio Maldonado.<\/p>\n<p>&nbsp;<\/p>\n<h4>DOA\u00c7\u00d5ES E CR\u00cdTICAS<\/h4>\n<p>Em seu perfil no Facebook, Jonatan Diniz publicou diversos pedidos de doa\u00e7\u00f5es para a organiza\u00e7\u00e3o, que seriam revertidas para a\u00e7\u00f5es de caridade a crian\u00e7as de baixa renda. O catarinense morava nos Estados Unidos, mas viajava \u00e0 Venezuela para essas iniciativas. Antes, residiu alguns meses em Quito, no Equador, e autuou com a produ\u00e7\u00e3o de v\u00eddeos para um canal no YouTube.<\/p>\n<p>Em uma publica\u00e7\u00e3o de 19 de junho, Diniz critica o governo Maduro. \u201cA Venezuela chega a seu dia n\u00famero 80 de luta nas ruas contra a ditadura. O governo, ao inv\u00e9s de comprar medicamentos para seu povo morrendo nos hospitais e de fome pelas ruas, acaba de gastar mais dinheiro em tanques de guerra para usar contra seu pr\u00f3prio povo que luta por sua liberdade\u201d, comentou.<\/p>\n<h4>ONG<\/h4>\n<p>A ONG Time to Change the Earth n\u00e3o tem website. Suas contas no Facebook e Instagram foram criadas h\u00e1 alguns meses. A p\u00e1gina no Facebook come\u00e7ou a ter publica\u00e7\u00f5es no dia 26 de novembro de 2017, sem nenhuma mensagem al\u00e9m de logomarcas. A entidade se define como uma organiza\u00e7\u00e3o que \u201cconecta outras ONGs do mundo distribuindo comida, medicamentos, brinquedos e uma filosofia de vida nova\u201d.<\/p>\n<p>No Instagram, a conta tamb\u00e9m \u00e9 recente, com 24 posts, repetindo os chamados para doa\u00e7\u00f5es. O repasse dos recursos era feito por meio de um n\u00famero do mensageiro Whatsapp, e n\u00e3o por meios de pagamento, normalmente usados por outras entidades assistenciais.<\/p>\n<p>&nbsp;<\/p>\n<h4>FAM\u00cdLIA<\/h4>\n<p>O pai de Jonatan, Luiz Francisco Diniz, divulgou diversas mensagens nas redes sociais pedindo \u00e0s autoridades provid\u00eancias sobre o caso. \u201cJonatan e sua fam\u00edlia pedem ajuda: liberte esse brasileiro\u201d. A m\u00e3e do brasileiro, Renata Diniz, disse em entrevistas \u00e0 imprensa que acredita na liberta\u00e7\u00e3o por considerar que n\u00e3o h\u00e1 motivo para a pris\u00e3o.<\/p>\n<p>Fonte: Ag\u00eancia Brasil<\/p>\n","protected":false},"excerpt":{"rendered":"<p>Nessa ter\u00e7a-feira, 2, completou cinco dias da pris\u00e3o de Jonatan Mois\u00e9s Diniz. O catarinense de 31 anos foi detido no dia 28 de dezembro pelas for\u00e7as de seguran\u00e7a da Venezuela, no estado de Vargas. Segundo a ag\u00eancia oficial de not\u00edcias do governo, ele \u00e9 acusado de manter atividades desestabilizadoras contra o regime de Nicol\u00e1s Maduro. [&hellip;]<\/p>\n","protected":false},"author":96,"featured_media":88576,"comment_status":"closed","ping_status":"closed","sticky":false,"template":"","format":"standard","meta":{"footnotes":""},"categories":[302],"tags":[],"class_list":["post-88577","post","type-post","status-publish","format-standard","has-post-thumbnail","hentry","category-brasil-mundo"],"_links":{"self":[{"href":"https:\/\/diarioregionaldigital.com.br\/index.php?rest_route=\/wp\/v2\/posts\/88577","targetHints":{"allow":["GET"]}}],"collection":[{"href":"https:\/\/diarioregionaldigital.com.br\/index.php?rest_route=\/wp\/v2\/posts"}],"about":[{"href":"https:\/\/diarioregionaldigital.com.br\/index.php?rest_route=\/wp\/v2\/types\/post"}],"author":[{"embeddable":true,"href":"https:\/\/diarioregionaldigital.com.br\/index.php?rest_route=\/wp\/v2\/users\/96"}],"replies":[{"embeddable":true,"href":"https:\/\/diarioregionaldigital.com.br\/index.php?rest_route=%2Fwp%2Fv2%2Fcomments&post=88577"}],"version-history":[{"count":0,"href":"https:\/\/diarioregionaldigital.com.br\/index.php?rest_route=\/wp\/v2\/posts\/88577\/revisions"}],"wp:featuredmedia":[{"embeddable":true,"href":"https:\/\/diarioregionaldigital.com.br\/index.php?rest_route=\/wp\/v2\/media\/88576"}],"wp:attachment":[{"href":"https:\/\/diarioregionaldigital.com.br\/index.php?rest_route=%2Fwp%2Fv2%2Fmedia&parent=88577"}],"wp:term":[{"taxonomy":"category","embeddable":true,"href":"https:\/\/diarioregionaldigital.com.br\/index.php?rest_route=%2Fwp%2Fv2%2Fcategories&post=88577"},{"taxonomy":"post_tag","embeddable":true,"href":"https:\/\/diarioregionaldigital.com.br\/index.php?rest_route=%2Fwp%2Fv2%2Ftags&post=88577"}],"curies":[{"name":"wp","href":"https:\/\/api.w.org\/{rel}","templated":true}]}}