{"id":88573,"date":"2018-01-03T11:54:17","date_gmt":"2018-01-03T13:54:17","guid":{"rendered":"http:\/\/diarioregionaljf.com.br\/2018\/01\/03\/pm-encontra-drogas-armas-e-municoes-em-residencia-no-bairro-santa-efigenia\/"},"modified":"2018-01-03T11:54:17","modified_gmt":"2018-01-03T13:54:17","slug":"pm-encontra-drogas-armas-e-municoes-em-residencia-no-bairro-santa-efigenia","status":"publish","type":"post","link":"https:\/\/diarioregionaldigital.com.br\/?p=88573","title":{"rendered":"PM encontra drogas, armas e muni\u00e7\u00f5es em resid\u00eancia no bairro Santa Efig\u00eania"},"content":{"rendered":"<p>A Pol\u00edcia Militar (PM) encontrou armas, muni\u00e7\u00f5es e drogas em uma resid\u00eancia no bairro Santa Efig\u00eania, localizado na zona Sul. O material foi apreendido na noite desta ter\u00e7a-feira, 2.<\/p>\n<p>Segundo informa\u00e7\u00f5es do registro de ocorr\u00eancias, a PM realizava cumprimento de mandado de pris\u00e3o na resid\u00eancia de um jovem de 20 anos, pelo crime de tr\u00e1fico de drogas. Durante buscas no local localizaram uma barra de maconha prensada, uma pedra de crack, dois rev\u00f3lveres calibre 32 e 10 cartuchos de muni\u00e7\u00e3o par tais armas. A pol\u00edcia apreendeu e encaminhou todo material \u00e0 delegacia.<\/p>\n<p>Os familiares do autor repassaram todos os dados referentes ao mesmo para os policiais, al\u00e9m de acompanharem todos os trabalhos realizados no local.<\/p>\n<p>A PM realizou rastreamento na regi\u00e3o, entretanto o jovem n\u00e3o foi localizado.<\/p>\n","protected":false},"excerpt":{"rendered":"<p>A Pol\u00edcia Militar (PM) encontrou armas, muni\u00e7\u00f5es e drogas em uma resid\u00eancia no bairro Santa Efig\u00eania, localizado na zona Sul. O material foi apreendido na noite desta ter\u00e7a-feira, 2. Segundo informa\u00e7\u00f5es do registro de ocorr\u00eancias, a PM realizava cumprimento de mandado de pris\u00e3o na resid\u00eancia de um jovem de 20 anos, pelo crime de tr\u00e1fico [&hellip;]<\/p>\n","protected":false},"author":96,"featured_media":88572,"comment_status":"closed","ping_status":"closed","sticky":false,"template":"","format":"standard","meta":{"footnotes":""},"categories":[301],"tags":[],"class_list":["post-88573","post","type-post","status-publish","format-standard","has-post-thumbnail","hentry","category-artigos-policiais"],"_links":{"self":[{"href":"https:\/\/diarioregionaldigital.com.br\/index.php?rest_route=\/wp\/v2\/posts\/88573","targetHints":{"allow":["GET"]}}],"collection":[{"href":"https:\/\/diarioregionaldigital.com.br\/index.php?rest_route=\/wp\/v2\/posts"}],"about":[{"href":"https:\/\/diarioregionaldigital.com.br\/index.php?rest_route=\/wp\/v2\/types\/post"}],"author":[{"embeddable":true,"href":"https:\/\/diarioregionaldigital.com.br\/index.php?rest_route=\/wp\/v2\/users\/96"}],"replies":[{"embeddable":true,"href":"https:\/\/diarioregionaldigital.com.br\/index.php?rest_route=%2Fwp%2Fv2%2Fcomments&post=88573"}],"version-history":[{"count":0,"href":"https:\/\/diarioregionaldigital.com.br\/index.php?rest_route=\/wp\/v2\/posts\/88573\/revisions"}],"wp:featuredmedia":[{"embeddable":true,"href":"https:\/\/diarioregionaldigital.com.br\/index.php?rest_route=\/wp\/v2\/media\/88572"}],"wp:attachment":[{"href":"https:\/\/diarioregionaldigital.com.br\/index.php?rest_route=%2Fwp%2Fv2%2Fmedia&parent=88573"}],"wp:term":[{"taxonomy":"category","embeddable":true,"href":"https:\/\/diarioregionaldigital.com.br\/index.php?rest_route=%2Fwp%2Fv2%2Fcategories&post=88573"},{"taxonomy":"post_tag","embeddable":true,"href":"https:\/\/diarioregionaldigital.com.br\/index.php?rest_route=%2Fwp%2Fv2%2Ftags&post=88573"}],"curies":[{"name":"wp","href":"https:\/\/api.w.org\/{rel}","templated":true}]}}