{"id":88569,"date":"2018-01-03T11:10:03","date_gmt":"2018-01-03T13:10:03","guid":{"rendered":"http:\/\/diarioregionaljf.com.br\/2018\/01\/03\/jovem-e-assassinado-com-nove-tiros-no-bairro-benfica\/"},"modified":"2018-01-03T11:10:03","modified_gmt":"2018-01-03T13:10:03","slug":"jovem-e-assassinado-com-nove-tiros-no-bairro-benfica","status":"publish","type":"post","link":"https:\/\/diarioregionaldigital.com.br\/?p=88569","title":{"rendered":"Jovem \u00e9 assassinado com nove tiros no bairro Benfica"},"content":{"rendered":"<p>Um jovem de 26 anos foi v\u00edtima de um homic\u00eddio na noite desta ter\u00e7a-feira, 2, no bairro Benfica, localizado na zona Norte.<\/p>\n<p>De acordo com o registro de ocorr\u00eancias da Pol\u00edcia Militar (PM), a v\u00edtima encontrava-se na Rua Ana Sales quando foi alvejado por diversos disparos de arma de fogo.<\/p>\n<p>A PM foi acionada por populares que informaram o lugar do ocorrido. Ao chegar at\u00e9 o local os policiais se depararam com o corpo da v\u00edtima ca\u00eddo ao solo, j\u00e1 sem vida, dentro de um hortifruti.<\/p>\n<p>A per\u00edcia confirmou nove perfura\u00e7\u00f5es por arma de fogo pelo corpo do jovem, que foi removido pela funer\u00e1ria e encaminhado para o Instituto M\u00e9dico Legal (IML).<\/p>\n<p>Testemunhas relataram a PM que avistaram um indiv\u00edduo saindo do local do crime correndo. A pol\u00edcia n\u00e3o o localizou.<\/p>\n<p>O jovem, v\u00edtima do homic\u00eddio, tamb\u00e9m teria sido reconhecido por foto, por outro jovem de 18 anos, que o identificou como autor de um roubo contra ele.<\/p>\n","protected":false},"excerpt":{"rendered":"<p>Um jovem de 26 anos foi v\u00edtima de um homic\u00eddio na noite desta ter\u00e7a-feira, 2, no bairro Benfica, localizado na zona Norte. De acordo com o registro de ocorr\u00eancias da Pol\u00edcia Militar (PM), a v\u00edtima encontrava-se na Rua Ana Sales quando foi alvejado por diversos disparos de arma de fogo. A PM foi acionada por [&hellip;]<\/p>\n","protected":false},"author":96,"featured_media":88568,"comment_status":"closed","ping_status":"closed","sticky":false,"template":"","format":"standard","meta":{"footnotes":""},"categories":[301],"tags":[],"class_list":["post-88569","post","type-post","status-publish","format-standard","has-post-thumbnail","hentry","category-artigos-policiais"],"_links":{"self":[{"href":"https:\/\/diarioregionaldigital.com.br\/index.php?rest_route=\/wp\/v2\/posts\/88569","targetHints":{"allow":["GET"]}}],"collection":[{"href":"https:\/\/diarioregionaldigital.com.br\/index.php?rest_route=\/wp\/v2\/posts"}],"about":[{"href":"https:\/\/diarioregionaldigital.com.br\/index.php?rest_route=\/wp\/v2\/types\/post"}],"author":[{"embeddable":true,"href":"https:\/\/diarioregionaldigital.com.br\/index.php?rest_route=\/wp\/v2\/users\/96"}],"replies":[{"embeddable":true,"href":"https:\/\/diarioregionaldigital.com.br\/index.php?rest_route=%2Fwp%2Fv2%2Fcomments&post=88569"}],"version-history":[{"count":0,"href":"https:\/\/diarioregionaldigital.com.br\/index.php?rest_route=\/wp\/v2\/posts\/88569\/revisions"}],"wp:featuredmedia":[{"embeddable":true,"href":"https:\/\/diarioregionaldigital.com.br\/index.php?rest_route=\/wp\/v2\/media\/88568"}],"wp:attachment":[{"href":"https:\/\/diarioregionaldigital.com.br\/index.php?rest_route=%2Fwp%2Fv2%2Fmedia&parent=88569"}],"wp:term":[{"taxonomy":"category","embeddable":true,"href":"https:\/\/diarioregionaldigital.com.br\/index.php?rest_route=%2Fwp%2Fv2%2Fcategories&post=88569"},{"taxonomy":"post_tag","embeddable":true,"href":"https:\/\/diarioregionaldigital.com.br\/index.php?rest_route=%2Fwp%2Fv2%2Ftags&post=88569"}],"curies":[{"name":"wp","href":"https:\/\/api.w.org\/{rel}","templated":true}]}}