{"id":88567,"date":"2018-01-03T02:22:57","date_gmt":"2018-01-03T04:22:57","guid":{"rendered":"http:\/\/diarioregionaljf.com.br\/2018\/01\/03\/goleiro-georgemy-encaminha-rescisao-com-o-cruzeiro-e-podera-se-transferir-para-o-galo-carijo\/"},"modified":"2018-01-03T02:22:57","modified_gmt":"2018-01-03T04:22:57","slug":"goleiro-georgemy-encaminha-rescisao-com-o-cruzeiro-e-podera-se-transferir-para-o-galo-carijo","status":"publish","type":"post","link":"https:\/\/diarioregionaldigital.com.br\/?p=88567","title":{"rendered":"Goleiro Georgemy encaminha rescis\u00e3o com o Cruzeiro e  poder\u00e1 se transferir para o Galo Carij\u00f3"},"content":{"rendered":"<div class=\"mc-column content-text active-extra-styles active-capital-letter\" data-block-type=\"unstyled\" data-block-weight=\"58\" data-block-id=\"1\">\n<p class=\"content-text__container theme-color-primary-first-letter\" data-track-category=\"Link no Texto\" data-track-links=\"\">O goleiro, Georgemy Gon\u00e7alves , de 22 anos, pode ser&nbsp; oficializado em breve como jogador do Tupi para a disputa do Campeonato Mineiro. O jogador est\u00e1 acertando a rescis\u00e3o do contrato dele com o Cruzeiro, cujo v\u00ednculo se encerra no fim de fevereiro.&nbsp;<\/p>\n<div class=\"mc-column content-text active-extra-styles \" data-block-type=\"unstyled\" data-block-weight=\"76\" data-block-id=\"3\">\n<p>Natural de Americana, no interior de S\u00e3o Paulo, Georgemy integrou a Sele\u00e7\u00e3o Brasileira Sub-20 vice-campe\u00e3 mundial de 2015, sendo reserva de Marcos Felipe, do Fluminense.Revelado nas categorias de base do&nbsp; Cruzeiro, sagrou-se campe\u00e3o no Mineiro Sub-20, em 2014. J\u00e1 na Sele\u00e7\u00e3o conquistou o Torneio Cotif L\u2019alcudia, na Espanha, e o Torneio Panda, na China.&nbsp;<\/p>\n<\/p><\/div><\/div>\n<div class=\"mc-column content-media content-media--normal  content-photo\" data-block-type=\"backstage-photo\" data-block-id=\"2\">\n<article itemprop=\"articleBody\">\n<div class=\"mc-column content-text active-extra-styles \" data-block-type=\"unstyled\" data-block-weight=\"76\" data-block-id=\"3\">\n<p class=\"content-text__container \" data-track-category=\"Link no Texto\" data-track-links=\"\">Georgemy,&nbsp; estava no futebol portugu\u00eas. Atuou pelo Estoril e tamb\u00e9m pelo Vit\u00f3ria de Guimar\u00e3es, antes de retornar \u00e0 Toca da Raposa no ano passado.&nbsp;O Tupi ser\u00e1 o adversario da equipe celeste na abertura do Campeonato Mineiro. No dia 17 de janeiro, \u00e0s 21h45,&nbsp; os dois times se enfrentam no Mineir\u00e3o.<\/p>\n<\/p><\/div>\n<\/article>\n<div class=\"content-ads content-ads--outside-grid\" data-block-type=\"ads\" data-block-id=\"5\">&nbsp;<\/div>\n<div class=\"mc-column comments\">\n<div id=\"boxComentarios\" class=\"glbComentarios\">\n<div class=\"glbComentarios-header\">\n<div class=\"glbComentarios-contador\">&nbsp;<\/div>\n<p> &nbsp;<\/p><\/div><\/div><\/div><\/div>\n","protected":false},"excerpt":{"rendered":"<p>O goleiro, Georgemy Gon\u00e7alves , de 22 anos, pode ser&nbsp; oficializado em breve como jogador do Tupi para a disputa do Campeonato Mineiro. O jogador est\u00e1 acertando a rescis\u00e3o do contrato dele com o Cruzeiro, cujo v\u00ednculo se encerra no fim de fevereiro.&nbsp; Natural de Americana, no interior de S\u00e3o Paulo, Georgemy integrou a Sele\u00e7\u00e3o [&hellip;]<\/p>\n","protected":false},"author":96,"featured_media":88566,"comment_status":"closed","ping_status":"closed","sticky":false,"template":"","format":"standard","meta":{"footnotes":""},"categories":[257],"tags":[],"class_list":["post-88567","post","type-post","status-publish","format-standard","has-post-thumbnail","hentry","category-esporte"],"_links":{"self":[{"href":"https:\/\/diarioregionaldigital.com.br\/index.php?rest_route=\/wp\/v2\/posts\/88567","targetHints":{"allow":["GET"]}}],"collection":[{"href":"https:\/\/diarioregionaldigital.com.br\/index.php?rest_route=\/wp\/v2\/posts"}],"about":[{"href":"https:\/\/diarioregionaldigital.com.br\/index.php?rest_route=\/wp\/v2\/types\/post"}],"author":[{"embeddable":true,"href":"https:\/\/diarioregionaldigital.com.br\/index.php?rest_route=\/wp\/v2\/users\/96"}],"replies":[{"embeddable":true,"href":"https:\/\/diarioregionaldigital.com.br\/index.php?rest_route=%2Fwp%2Fv2%2Fcomments&post=88567"}],"version-history":[{"count":0,"href":"https:\/\/diarioregionaldigital.com.br\/index.php?rest_route=\/wp\/v2\/posts\/88567\/revisions"}],"wp:featuredmedia":[{"embeddable":true,"href":"https:\/\/diarioregionaldigital.com.br\/index.php?rest_route=\/wp\/v2\/media\/88566"}],"wp:attachment":[{"href":"https:\/\/diarioregionaldigital.com.br\/index.php?rest_route=%2Fwp%2Fv2%2Fmedia&parent=88567"}],"wp:term":[{"taxonomy":"category","embeddable":true,"href":"https:\/\/diarioregionaldigital.com.br\/index.php?rest_route=%2Fwp%2Fv2%2Fcategories&post=88567"},{"taxonomy":"post_tag","embeddable":true,"href":"https:\/\/diarioregionaldigital.com.br\/index.php?rest_route=%2Fwp%2Fv2%2Ftags&post=88567"}],"curies":[{"name":"wp","href":"https:\/\/api.w.org\/{rel}","templated":true}]}}