{"id":88565,"date":"2018-01-03T01:30:13","date_gmt":"2018-01-03T03:30:13","guid":{"rendered":"http:\/\/diarioregionaljf.com.br\/2018\/01\/03\/esposa-e-filho-de-tecnico-do-sub-20-do-fluminense-recebem-alta-medica\/"},"modified":"2018-01-03T01:30:13","modified_gmt":"2018-01-03T03:30:13","slug":"esposa-e-filho-de-tecnico-do-sub-20-do-fluminense-recebem-alta-medica","status":"publish","type":"post","link":"https:\/\/diarioregionaldigital.com.br\/?p=88565","title":{"rendered":"Esposa e filho de t\u00e9cnico do sub-20 do Fluminense recebem alta m\u00e9dica"},"content":{"rendered":"<div dir=\"auto\">\n<p>A Esposa e o filho do&nbsp; atual t\u00e9cnico do sub-20 do Fluminense, L\u00e9o Percovich, receberam alta m\u00e9dica no \u00faltimo s\u00e1bado, 30. A informa\u00e7\u00e3o foi confirmada pela assessoria Hospital Albert Sabin nesta ter\u00e7a-feira, 2.&nbsp;O t\u00e9cnico da equipe tricolor havia recebido alta no dia 27 de dezembro, mas permaneceu no hospital acompanhando os familiares hospitalizados.<\/p>\n<p><b>O acidente<\/b><\/p>\n<\/p><\/div>\n<div dir=\"auto\">\n<p>A fam\u00edlia do t\u00e9cnico estava internada desde 16 de dezembro, quando o carro em que eles estavam sofreu um acidente e caiu de um viaduto na BR-040, em Santos Dumont, Zona da Mata. As filhas:mais velha, de 10 anos e a e a ca\u00e7ula, de 5 anos vieram a \u00f3bito&nbsp; no hospital.<\/p>\n<\/p><\/div>\n","protected":false},"excerpt":{"rendered":"<p>A Esposa e o filho do&nbsp; atual t\u00e9cnico do sub-20 do Fluminense, L\u00e9o Percovich, receberam alta m\u00e9dica no \u00faltimo s\u00e1bado, 30. A informa\u00e7\u00e3o foi confirmada pela assessoria Hospital Albert Sabin nesta ter\u00e7a-feira, 2.&nbsp;O t\u00e9cnico da equipe tricolor havia recebido alta no dia 27 de dezembro, mas permaneceu no hospital acompanhando os familiares hospitalizados. O acidente [&hellip;]<\/p>\n","protected":false},"author":96,"featured_media":88564,"comment_status":"closed","ping_status":"closed","sticky":false,"template":"","format":"standard","meta":{"footnotes":""},"categories":[257],"tags":[],"class_list":["post-88565","post","type-post","status-publish","format-standard","has-post-thumbnail","hentry","category-esporte"],"_links":{"self":[{"href":"https:\/\/diarioregionaldigital.com.br\/index.php?rest_route=\/wp\/v2\/posts\/88565","targetHints":{"allow":["GET"]}}],"collection":[{"href":"https:\/\/diarioregionaldigital.com.br\/index.php?rest_route=\/wp\/v2\/posts"}],"about":[{"href":"https:\/\/diarioregionaldigital.com.br\/index.php?rest_route=\/wp\/v2\/types\/post"}],"author":[{"embeddable":true,"href":"https:\/\/diarioregionaldigital.com.br\/index.php?rest_route=\/wp\/v2\/users\/96"}],"replies":[{"embeddable":true,"href":"https:\/\/diarioregionaldigital.com.br\/index.php?rest_route=%2Fwp%2Fv2%2Fcomments&post=88565"}],"version-history":[{"count":0,"href":"https:\/\/diarioregionaldigital.com.br\/index.php?rest_route=\/wp\/v2\/posts\/88565\/revisions"}],"wp:featuredmedia":[{"embeddable":true,"href":"https:\/\/diarioregionaldigital.com.br\/index.php?rest_route=\/wp\/v2\/media\/88564"}],"wp:attachment":[{"href":"https:\/\/diarioregionaldigital.com.br\/index.php?rest_route=%2Fwp%2Fv2%2Fmedia&parent=88565"}],"wp:term":[{"taxonomy":"category","embeddable":true,"href":"https:\/\/diarioregionaldigital.com.br\/index.php?rest_route=%2Fwp%2Fv2%2Fcategories&post=88565"},{"taxonomy":"post_tag","embeddable":true,"href":"https:\/\/diarioregionaldigital.com.br\/index.php?rest_route=%2Fwp%2Fv2%2Ftags&post=88565"}],"curies":[{"name":"wp","href":"https:\/\/api.w.org\/{rel}","templated":true}]}}