{"id":88563,"date":"2018-01-03T00:52:46","date_gmt":"2018-01-03T02:52:46","guid":{"rendered":"http:\/\/diarioregionaljf.com.br\/2018\/01\/03\/eurico-nicolau-ex-cruzeiro-e-o-novo-reforco-do-carijo\/"},"modified":"2018-01-03T00:52:46","modified_gmt":"2018-01-03T02:52:46","slug":"eurico-nicolau-ex-cruzeiro-e-o-novo-reforco-do-carijo","status":"publish","type":"post","link":"https:\/\/diarioregionaldigital.com.br\/?p=88563","title":{"rendered":"Eurico Nicolau ex- cruzeiro \u00e9 o novo refor\u00e7o do Carij\u00f3"},"content":{"rendered":"<p>Tupi reapresentou na tarde desta ter\u00e7a-feira, 2, o elenco da temporada &nbsp;de 2018, no campo do Bairro Santa Terezinha, junto com o elenco o volante, Eurico Nicolau, de 23 anos,&nbsp; o novo refor\u00e7o carij\u00f3 tamb\u00e9m estava presente. O jogador vai passar por exames m\u00e9dicos antes de ter o contrato assinado com o Carij\u00f3.<\/p>\n<p>&nbsp;O Volante come\u00e7ou a carreira no Cruzeiro em 2014 e ficou no clube como&nbsp; para o meio de campo durante o ano de 2015 tamb\u00e9m. Passou pelo Paysandu, Botafogo-SP, Na\u00fatico e Ponte Preta. Passando tamb\u00e9m pela Sele\u00e7\u00e3o Brasileira onde foi convocado para defender a&nbsp;Sele\u00e7\u00e3o sub-23 &nbsp;nos&nbsp;<a href=\"https:\/\/pt.wikipedia.org\/wiki\/Jogos_Pan-Americanos_de_2015\">Jogos Pan-Americanos de 2015<\/a>, no&nbsp;<a href=\"https:\/\/pt.wikipedia.org\/wiki\/Canad%C3%A1\">Canad\u00e1<\/a>. &nbsp;<\/p>\n<p>O volante, Marcel, que participou da campanha do Tupi na S\u00e9rie C do Brasileiro, entrou em contato com a diretoria no \u00faltimo s\u00e1bado, 30, para pedir seu desligamento do clube, pois havia fechado com o Taubat\u00e9, time que disputa a S\u00e9rie A2 do Campeonato Paulista.<\/p>\n","protected":false},"excerpt":{"rendered":"<p>Tupi reapresentou na tarde desta ter\u00e7a-feira, 2, o elenco da temporada &nbsp;de 2018, no campo do Bairro Santa Terezinha, junto com o elenco o volante, Eurico Nicolau, de 23 anos,&nbsp; o novo refor\u00e7o carij\u00f3 tamb\u00e9m estava presente. O jogador vai passar por exames m\u00e9dicos antes de ter o contrato assinado com o Carij\u00f3. &nbsp;O Volante [&hellip;]<\/p>\n","protected":false},"author":96,"featured_media":88562,"comment_status":"closed","ping_status":"closed","sticky":false,"template":"","format":"standard","meta":{"footnotes":""},"categories":[257],"tags":[],"class_list":["post-88563","post","type-post","status-publish","format-standard","has-post-thumbnail","hentry","category-esporte"],"_links":{"self":[{"href":"https:\/\/diarioregionaldigital.com.br\/index.php?rest_route=\/wp\/v2\/posts\/88563","targetHints":{"allow":["GET"]}}],"collection":[{"href":"https:\/\/diarioregionaldigital.com.br\/index.php?rest_route=\/wp\/v2\/posts"}],"about":[{"href":"https:\/\/diarioregionaldigital.com.br\/index.php?rest_route=\/wp\/v2\/types\/post"}],"author":[{"embeddable":true,"href":"https:\/\/diarioregionaldigital.com.br\/index.php?rest_route=\/wp\/v2\/users\/96"}],"replies":[{"embeddable":true,"href":"https:\/\/diarioregionaldigital.com.br\/index.php?rest_route=%2Fwp%2Fv2%2Fcomments&post=88563"}],"version-history":[{"count":0,"href":"https:\/\/diarioregionaldigital.com.br\/index.php?rest_route=\/wp\/v2\/posts\/88563\/revisions"}],"wp:featuredmedia":[{"embeddable":true,"href":"https:\/\/diarioregionaldigital.com.br\/index.php?rest_route=\/wp\/v2\/media\/88562"}],"wp:attachment":[{"href":"https:\/\/diarioregionaldigital.com.br\/index.php?rest_route=%2Fwp%2Fv2%2Fmedia&parent=88563"}],"wp:term":[{"taxonomy":"category","embeddable":true,"href":"https:\/\/diarioregionaldigital.com.br\/index.php?rest_route=%2Fwp%2Fv2%2Fcategories&post=88563"},{"taxonomy":"post_tag","embeddable":true,"href":"https:\/\/diarioregionaldigital.com.br\/index.php?rest_route=%2Fwp%2Fv2%2Ftags&post=88563"}],"curies":[{"name":"wp","href":"https:\/\/api.w.org\/{rel}","templated":true}]}}