{"id":88559,"date":"2018-01-02T22:23:53","date_gmt":"2018-01-03T00:23:53","guid":{"rendered":"http:\/\/diarioregionaljf.com.br\/2018\/01\/02\/colonias-de-ferias-oferecem-programacao-animada-para-as-criancas\/"},"modified":"2018-01-02T22:23:53","modified_gmt":"2018-01-03T00:23:53","slug":"colonias-de-ferias-oferecem-programacao-animada-para-as-criancas","status":"publish","type":"post","link":"https:\/\/diarioregionaldigital.com.br\/?p=88559","title":{"rendered":"Col\u00f4nias de f\u00e9rias oferecem programa\u00e7\u00e3o animada para as crian\u00e7as"},"content":{"rendered":"<p>Oferecendo atividades diversas para todos os gostos e estilos, as col\u00f4nias de f\u00e9rias s\u00e3o excelentes op\u00e7\u00f5es para garantir a divers\u00e3o das crian\u00e7as. Esportes radicais, atividades culturais e l\u00fadicas s\u00e3o alguns dos atrativos encontrados em Juiz de Fora nesta \u00e9poca do ano. Um deles \u00e9 a &#8220;Aventura de F\u00e9rias&#8221;, que acontece em dois pontos da cidade: no Clube do Papo, situado na Rua Engenheiro Gentil Forn, 3, no bairro S\u00e3o Pedro, Cidade Alta e no Clube dos Banc\u00e1rios, localizado na Avenida Eug\u00eanio do Nascimento, 5015, bairro Aeroporto, na mesma regi\u00e3o.<\/p>\n<p>\u201cTemos um programa de atividades que envolvem jogos e brincadeiras, em que as crian\u00e7as se tornam personagens principais da hist\u00f3ria e participam de diversos desafios. Al\u00e9m \u00e9 claro dos esportes de aventura, como tirolesa e slackline que s\u00e3o os preferidos da garotada\u201d, afirma o coordenador do projeto, Fernando de P\u00e1dua.<\/p>\n<p>A faixa et\u00e1ria varia entre 4 a 15 anos e as crian\u00e7as s\u00e3o divididas em quatro grupos. As atividades, que se iniciam no pr\u00f3ximo dia 8, ser\u00e3o realizadas de segunda a sexta-feira, das 13h \u00e0s 19h. Os pais contam com a op\u00e7\u00e3o de contratar um pacote di\u00e1rio ou semanal para inscreverem os filhos. As informa\u00e7\u00f5es, bem como a ficha de inscri\u00e7\u00e3o pode ser consultada no site aventurailimitada.com.br.<\/p>\n<p>Prestes a completar 17 anos, a aventura j\u00e1 deixou alguns legados. \u201cEstamos chegando \u00e0 15\u00aa edi\u00e7\u00e3o. Crian\u00e7as que h\u00e1 17 anos se divertiam agora se tornaram recriadores da fantasia. S\u00e3o longos anos de positividade\u201d, diz P\u00e1dua.<\/p>\n<p>PENSANDO NO FUTURO<\/p>\n<p>Bastante tradicional, a col\u00f4nia de f\u00e9rias do Clube Cascatinha chega a 16\u00aa temporada. Neste ano, a atividade que come\u00e7a em 15 de janeiro e se estende at\u00e9 o dia 28, traz como tema a \u201cSustentabilidade\u201d como forma de conscientizar as crian\u00e7as sobre a import\u00e2ncia da preserva\u00e7\u00e3o do planeta. \u201cVamos trabalhar algumas oficinas relacionadas \u00e0 reciclagem dos materiais, e algumas brincadeiras voltadas para o tema\u201d, explica o coordenador de Esportes e Lazer do clube, Ricardo Almeida.<\/p>\n<p>Apesar do tema, os organizadores prometem outras op\u00e7\u00f5es para divertir os participantes. Oficina de biscoito, passeios ao cinema, festa fantasia, visitas ao planet\u00e1rio implantado nas proximidades da Pra\u00e7a C\u00edvica da Universidade Federal de Juiz de Fora (UFJF) e o festival de picol\u00e9 e sorvete s\u00e3o algumas delas. Tem ainda a tradicional \u201cNoite do Pijama\u201d nos dias 27 e 28 de janeiro, na qual as crian\u00e7as passam a noite no clube.<\/p>\n<p>Os pais podem realizar as inscri\u00e7\u00f5es na secretaria do clube, que fica na Rua Miguel Jos\u00e9 Mansur, n\u00ba 380 ou entrar em contato atrav\u00e9s do n\u00famero 3229-4100.<\/p>\n<p>VEJA AS OP\u00c7\u00d5ES:<\/p>\n<p>Aventura de F\u00e9rias: de 8 a 26 de janeiro, de segunda a sexta-feira, das 13h \u00e0s 19h. Inscri\u00e7\u00e3o: aventurailimitada.com.br ou na sede dos clubes. Valores: Di\u00e1ria R$40, semana R$180, pacote com duas semanas R$320 ou com tr\u00eas semanas, R$450.<\/p>\n<p>col\u00f4nia de f\u00e9rias do Clube Cascatinha: de 15 a 28 de janeiro, de segunda a sexta-feira, das 13h30 \u00e0s 17h30. Inscri\u00e7\u00f5es na sede do clube ou pelo telefone: 3229-4100. Valores para associados: di\u00e1ria R$40, semana R$145 ou duas semanas por R$185. N\u00e3o associado, R$45 di\u00e1ria, R$175 semanal ou R$225 as duas semanas. Para crian\u00e7as de 4 a 12 anos.<\/p>\n","protected":false},"excerpt":{"rendered":"<p>Oferecendo atividades diversas para todos os gostos e estilos, as col\u00f4nias de f\u00e9rias s\u00e3o excelentes op\u00e7\u00f5es para garantir a divers\u00e3o das crian\u00e7as. Esportes radicais, atividades culturais e l\u00fadicas s\u00e3o alguns dos atrativos encontrados em Juiz de Fora nesta \u00e9poca do ano. Um deles \u00e9 a &#8220;Aventura de F\u00e9rias&#8221;, que acontece em dois pontos da cidade: [&hellip;]<\/p>\n","protected":false},"author":96,"featured_media":0,"comment_status":"closed","ping_status":"closed","sticky":false,"template":"","format":"standard","meta":{"footnotes":""},"categories":[253],"tags":[],"class_list":["post-88559","post","type-post","status-publish","format-standard","hentry","category-cidade"],"_links":{"self":[{"href":"https:\/\/diarioregionaldigital.com.br\/index.php?rest_route=\/wp\/v2\/posts\/88559","targetHints":{"allow":["GET"]}}],"collection":[{"href":"https:\/\/diarioregionaldigital.com.br\/index.php?rest_route=\/wp\/v2\/posts"}],"about":[{"href":"https:\/\/diarioregionaldigital.com.br\/index.php?rest_route=\/wp\/v2\/types\/post"}],"author":[{"embeddable":true,"href":"https:\/\/diarioregionaldigital.com.br\/index.php?rest_route=\/wp\/v2\/users\/96"}],"replies":[{"embeddable":true,"href":"https:\/\/diarioregionaldigital.com.br\/index.php?rest_route=%2Fwp%2Fv2%2Fcomments&post=88559"}],"version-history":[{"count":0,"href":"https:\/\/diarioregionaldigital.com.br\/index.php?rest_route=\/wp\/v2\/posts\/88559\/revisions"}],"wp:attachment":[{"href":"https:\/\/diarioregionaldigital.com.br\/index.php?rest_route=%2Fwp%2Fv2%2Fmedia&parent=88559"}],"wp:term":[{"taxonomy":"category","embeddable":true,"href":"https:\/\/diarioregionaldigital.com.br\/index.php?rest_route=%2Fwp%2Fv2%2Fcategories&post=88559"},{"taxonomy":"post_tag","embeddable":true,"href":"https:\/\/diarioregionaldigital.com.br\/index.php?rest_route=%2Fwp%2Fv2%2Ftags&post=88559"}],"curies":[{"name":"wp","href":"https:\/\/api.w.org\/{rel}","templated":true}]}}