{"id":88558,"date":"2018-01-02T22:15:05","date_gmt":"2018-01-03T00:15:05","guid":{"rendered":"http:\/\/diarioregionaljf.com.br\/2018\/01\/02\/adesao-ao-esocial-para-empresas-que-faturam-mais-de-r-78-milhoes-comeca-no-dia-8-de-janeiro\/"},"modified":"2018-01-02T22:15:05","modified_gmt":"2018-01-03T00:15:05","slug":"adesao-ao-esocial-para-empresas-que-faturam-mais-de-r-78-milhoes-comeca-no-dia-8-de-janeiro","status":"publish","type":"post","link":"https:\/\/diarioregionaldigital.com.br\/?p=88558","title":{"rendered":"Ades\u00e3o ao eSocial para empresas que faturam mais de R$78 milh\u00f5es come\u00e7a no dia 8 de Janeiro"},"content":{"rendered":"<p>Come\u00e7a no pr\u00f3ximo dia 8 a primeira etapa de implanta\u00e7\u00e3o do Sistema de Escritura\u00e7\u00e3o Digital das Obriga\u00e7\u00f5es Fiscais, Previdenci\u00e1rias e Trabalhistas (eSocial) para as empresas. As companhias com faturamento anual superior a R$78 milh\u00f5es ser\u00e3o as primeiras a ter que sincronizar os dados cont\u00e1beis de seus trabalhadores no programa.<\/p>\n<p>De acordo com o Comit\u00ea Gestor do eSocial, a obriga\u00e7\u00e3o vale para as mais de 13 mil empresas brasileiras enquadradas nesta situa\u00e7\u00e3o. As demais empresas privadas e os \u00f3rg\u00e3os p\u00fablicos dever\u00e3o se adequar \u00e0s novas regras a partir de julho deste ano e janeiro de 2019, respectivamente.<\/p>\n<p>O eSocial Empresas \u00e9 um sistema de registro de informa\u00e7\u00f5es criado para desburocratizar e facilitar a administra\u00e7\u00e3o de informa\u00e7\u00f5es relativas aos trabalhadores, de forma a simplificar a presta\u00e7\u00e3o das informa\u00e7\u00f5es referentes \u00e0s obriga\u00e7\u00f5es fiscais, previdenci\u00e1rias e trabalhistas. Por meio dele, pretende-se tamb\u00e9m reduzir custos e tempo da \u00e1rea cont\u00e1bil das empresas na hora de executar obriga\u00e7\u00f5es fiscais, previdenci\u00e1rias e trabalhistas.<\/p>\n<p>Na primeira etapa, para empregadores e contribuintes com faturamento acima de R$78 milh\u00f5es por ano, dever\u00e3o ser inclu\u00eddas no sistema informa\u00e7\u00f5es sobre a empresa. Dados sobre os trabalhadores, v\u00ednculo trabalhista, admiss\u00f5es e desligamentos passam a ser necess\u00e1rios a partir de mar\u00e7o deste ano. Em maio, passar\u00e1 a ser obrigat\u00f3rio o envio das folhas de pagamento, e, em julho, a Guia de Informa\u00e7\u00f5es \u00e0 Previd\u00eancia Social ser\u00e1 substitu\u00edda pelo novo sistema.<\/p>\n<hr \/>\n<p>&nbsp;Fonte: Ag\u00eancia Brasil<\/p>\n","protected":false},"excerpt":{"rendered":"<p>Come\u00e7a no pr\u00f3ximo dia 8 a primeira etapa de implanta\u00e7\u00e3o do Sistema de Escritura\u00e7\u00e3o Digital das Obriga\u00e7\u00f5es Fiscais, Previdenci\u00e1rias e Trabalhistas (eSocial) para as empresas. As companhias com faturamento anual superior a R$78 milh\u00f5es ser\u00e3o as primeiras a ter que sincronizar os dados cont\u00e1beis de seus trabalhadores no programa. De acordo com o Comit\u00ea Gestor [&hellip;]<\/p>\n","protected":false},"author":96,"featured_media":88557,"comment_status":"closed","ping_status":"closed","sticky":false,"template":"","format":"standard","meta":{"footnotes":""},"categories":[261],"tags":[],"class_list":["post-88558","post","type-post","status-publish","format-standard","has-post-thumbnail","hentry","category-economia"],"_links":{"self":[{"href":"https:\/\/diarioregionaldigital.com.br\/index.php?rest_route=\/wp\/v2\/posts\/88558","targetHints":{"allow":["GET"]}}],"collection":[{"href":"https:\/\/diarioregionaldigital.com.br\/index.php?rest_route=\/wp\/v2\/posts"}],"about":[{"href":"https:\/\/diarioregionaldigital.com.br\/index.php?rest_route=\/wp\/v2\/types\/post"}],"author":[{"embeddable":true,"href":"https:\/\/diarioregionaldigital.com.br\/index.php?rest_route=\/wp\/v2\/users\/96"}],"replies":[{"embeddable":true,"href":"https:\/\/diarioregionaldigital.com.br\/index.php?rest_route=%2Fwp%2Fv2%2Fcomments&post=88558"}],"version-history":[{"count":0,"href":"https:\/\/diarioregionaldigital.com.br\/index.php?rest_route=\/wp\/v2\/posts\/88558\/revisions"}],"wp:featuredmedia":[{"embeddable":true,"href":"https:\/\/diarioregionaldigital.com.br\/index.php?rest_route=\/wp\/v2\/media\/88557"}],"wp:attachment":[{"href":"https:\/\/diarioregionaldigital.com.br\/index.php?rest_route=%2Fwp%2Fv2%2Fmedia&parent=88558"}],"wp:term":[{"taxonomy":"category","embeddable":true,"href":"https:\/\/diarioregionaldigital.com.br\/index.php?rest_route=%2Fwp%2Fv2%2Fcategories&post=88558"},{"taxonomy":"post_tag","embeddable":true,"href":"https:\/\/diarioregionaldigital.com.br\/index.php?rest_route=%2Fwp%2Fv2%2Ftags&post=88558"}],"curies":[{"name":"wp","href":"https:\/\/api.w.org\/{rel}","templated":true}]}}