{"id":88556,"date":"2018-01-02T22:14:01","date_gmt":"2018-01-03T00:14:01","guid":{"rendered":"http:\/\/diarioregionaljf.com.br\/2018\/01\/02\/boas-festas\/"},"modified":"2018-01-02T22:14:01","modified_gmt":"2018-01-03T00:14:01","slug":"boas-festas","status":"publish","type":"post","link":"https:\/\/diarioregionaldigital.com.br\/?p=88556","title":{"rendered":"Boas Festas"},"content":{"rendered":"<p style=\"text-align: center;\"><span class=\"h4\">Boas Festas<\/span><br \/>O arquiteto Lu\u00eds Duque abriu os sal\u00f5es de seu ap\u00ea e recebeu festivamente para o encerramento de 2017. A bel\u00edssima mesa de acepipes e frutas da \u00e9poca foi um deslumbramento total, montada pelo designer Rodrigo Bissoli. Tudo regado ao champanhe franc\u00eas Veuve Clicot.<\/p>\n<p style=\"text-align: center;\"><span class=\"h4\">Pl\u00e1<\/span><br \/>Uma das boas coisas que aconteceram no final do m\u00eas de dezembro de 2017, em Juiz de Fora, foi a palestra feita pelo ministro da Transpar\u00eancia e Controladoria Geral da Uni\u00e3o, Wagner de Campos Ros\u00e1rio, no audit\u00f3rio da PJF.<\/p>\n<p style=\"text-align: center;\"><span class=\"h4\">Vibrando<\/span><br \/>O empres\u00e1rio Toninho Sim\u00e3o da Done Produtora est\u00e1 com tudo e n\u00e3o est\u00e1 prosa. Ele assina a produ\u00e7\u00e3o de cinco \u2018showrooms\u2019 de cal\u00e7ados e acess\u00f3rios, em Montes Claros, Rio, Belo Horizonte, Uberl\u00e2ndia e Juiz de Fora.<\/p>\n<p style=\"text-align: center;\"><span class=\"h4\">D\u00f3-r\u00e9-mi-f\u00e1<\/span><br \/>Depois de percorrer v\u00e1rios lugares e palcos brasileiros, o L\u00fadica M\u00fasica afivelou as malas e Rossana Brito, Isabela Ladeira e Guto Mendes est\u00e3o em Portugal para concertos e oficinas at\u00e9 mar\u00e7o.<\/p>\n<p style=\"text-align: center;\"><span class=\"h4\">Vendas<\/span><br \/>Passado as festas de final de ano, em Juiz de Fora o com\u00e9rcio comemorava alguma melhora nas vendas em rela\u00e7\u00e3o ao ano passado, mas n\u00e3o escondia a frustra\u00e7\u00e3o por um desempenho aqu\u00e9m do previsto. As lojas de roupas e sapatos foram as mais procuradas.<\/p>\n<p style=\"text-align: center;\"><span class=\"h4\">Sucesso<\/span><br \/>O Arteria ficou lotado para o lan\u00e7amento do DVD do talentoso flautista juiz-forano Felipe Estev\u00e3o. Elaborado de forma independente, o material foi gravado em 2011 durante apresenta\u00e7\u00e3o no Teatro Solar. A Arteria recebeu amigos e um p\u00fablico que aplaudiu os convidados, Cristov\u00e3o Bastos, Jurim Moreira e Berval Morais.<\/p>\n<p style=\"text-align: center;\"><span class=\"h4\">Aten\u00e7\u00e3o<\/span><br \/>Para mais seguran\u00e7a, a Anvisa vai revisar a legisla\u00e7\u00e3o de suplementos alimentares no Brasil para deixar mais claros os crit\u00e9rios de regulariza\u00e7\u00e3o e requisitos dos produtos.<\/p>\n<p style=\"text-align: center;\"><span class=\"h4\">Elei\u00e7\u00f5es 2018<\/span><br \/>Entramos no ano eleitoral e constatamos que no Brasil n\u00e3o existe ainda um candidato de centro com for\u00e7a eleitoral para a disputa de outubro.<\/p>\n<p style=\"text-align: center;\"><img decoding=\"async\" class=\" size-full wp-image-88544\" src=\"http:\/\/diarioregionaljf.com.br\/wp-content\/uploads\/2018\/01\/diario-int-22630-1.jpg\" alt=\"fotoa.jpg\" width=\"680\" style=\"display: block; margin-left: auto; margin-right: auto;\" srcset=\"https:\/\/diarioregionaldigital.com.br\/wp-content\/uploads\/2018\/01\/diario-int-22630-1.jpg 680w, https:\/\/diarioregionaldigital.com.br\/wp-content\/uploads\/2018\/01\/diario-int-22630-1-266x300.jpg 266w, https:\/\/diarioregionaldigital.com.br\/wp-content\/uploads\/2018\/01\/diario-int-22630-1-360x407.jpg 360w\" sizes=\"(max-width: 680px) 100vw, 680px\" \/>A deslumbrante Camila Coelho abre a nova fase desta coluna, em destaque especial<\/p>\n<p style=\"text-align: center;\"><img decoding=\"async\" class=\" size-full wp-image-88545\" src=\"http:\/\/diarioregionaljf.com.br\/wp-content\/uploads\/2018\/01\/diario-int-22630-2.jpg\" alt=\"fotoaa.jpg\" width=\"680\" style=\"display: block; margin-left: auto; margin-right: auto;\" srcset=\"https:\/\/diarioregionaldigital.com.br\/wp-content\/uploads\/2018\/01\/diario-int-22630-2.jpg 680w, https:\/\/diarioregionaldigital.com.br\/wp-content\/uploads\/2018\/01\/diario-int-22630-2-300x199.jpg 300w, https:\/\/diarioregionaldigital.com.br\/wp-content\/uploads\/2018\/01\/diario-int-22630-2-360x238.jpg 360w\" sizes=\"(max-width: 680px) 100vw, 680px\" \/>R\u00e9veillon em Copacabana, com Wesley Ferry<\/p>\n<p style=\"text-align: center;\"><img decoding=\"async\" class=\" size-full wp-image-88546\" src=\"http:\/\/diarioregionaljf.com.br\/wp-content\/uploads\/2018\/01\/diario-int-22630-3.jpg\" alt=\"fotobb.jpg\" width=\"680\" style=\"display: block; margin-left: auto; margin-right: auto;\" srcset=\"https:\/\/diarioregionaldigital.com.br\/wp-content\/uploads\/2018\/01\/diario-int-22630-3.jpg 680w, https:\/\/diarioregionaldigital.com.br\/wp-content\/uploads\/2018\/01\/diario-int-22630-3-266x300.jpg 266w, https:\/\/diarioregionaldigital.com.br\/wp-content\/uploads\/2018\/01\/diario-int-22630-3-360x407.jpg 360w\" sizes=\"(max-width: 680px) 100vw, 680px\" \/>R\u00e9veillon&nbsp; em&nbsp; Juiz de Fora com o brinde do jornalista Talison Vardiero<\/p>\n<p style=\"text-align: center;\"><img decoding=\"async\" class=\" size-full wp-image-88547\" src=\"http:\/\/diarioregionaljf.com.br\/wp-content\/uploads\/2018\/01\/diario-int-22630-4.jpg\" alt=\"fotob.jpg\" width=\"680\" style=\"display: block; margin-left: auto; margin-right: auto;\" srcset=\"https:\/\/diarioregionaldigital.com.br\/wp-content\/uploads\/2018\/01\/diario-int-22630-4.jpg 680w, https:\/\/diarioregionaldigital.com.br\/wp-content\/uploads\/2018\/01\/diario-int-22630-4-300x199.jpg 300w, https:\/\/diarioregionaldigital.com.br\/wp-content\/uploads\/2018\/01\/diario-int-22630-4-360x238.jpg 360w\" sizes=\"(max-width: 680px) 100vw, 680px\" \/>Em Petr\u00f3polis curtindo cervejada, Lu\u00eds Duque, Marcelo Eli da Silva e Juracyr Martins<\/p>\n<p style=\"text-align: center;\"><img decoding=\"async\" class=\" size-full wp-image-88548\" src=\"http:\/\/diarioregionaljf.com.br\/wp-content\/uploads\/2018\/01\/diario-int-22630-5.jpg\" alt=\"fotocc.jpg\" width=\"680\" style=\"display: block; margin-left: auto; margin-right: auto;\" srcset=\"https:\/\/diarioregionaldigital.com.br\/wp-content\/uploads\/2018\/01\/diario-int-22630-5.jpg 680w, https:\/\/diarioregionaldigital.com.br\/wp-content\/uploads\/2018\/01\/diario-int-22630-5-300x243.jpg 300w, https:\/\/diarioregionaldigital.com.br\/wp-content\/uploads\/2018\/01\/diario-int-22630-5-360x291.jpg 360w\" sizes=\"(max-width: 680px) 100vw, 680px\" \/>Curtindo a virada do ano, Jo\u00e3o Tavares e Rosenberg Frizeiro<\/p>\n<p style=\"text-align: center;\"><img decoding=\"async\" class=\" size-full wp-image-88549\" src=\"http:\/\/diarioregionaljf.com.br\/wp-content\/uploads\/2018\/01\/diario-int-22630-6.jpg\" alt=\"fotodd.jpg\" width=\"680\" style=\"display: block; margin-left: auto; margin-right: auto;\" srcset=\"https:\/\/diarioregionaldigital.com.br\/wp-content\/uploads\/2018\/01\/diario-int-22630-6.jpg 680w, https:\/\/diarioregionaldigital.com.br\/wp-content\/uploads\/2018\/01\/diario-int-22630-6-300x199.jpg 300w, https:\/\/diarioregionaldigital.com.br\/wp-content\/uploads\/2018\/01\/diario-int-22630-6-360x238.jpg 360w\" sizes=\"(max-width: 680px) 100vw, 680px\" \/>No R\u00e9veillon em Ub\u00e1, Luan Ottoni Lokerbol e F\u00e1bio Braz<\/p>\n<p style=\"text-align: center;\"><img decoding=\"async\" class=\" size-full wp-image-88550\" src=\"http:\/\/diarioregionaljf.com.br\/wp-content\/uploads\/2018\/01\/diario-int-22630-7.jpg\" alt=\"fotoe.jpg\" width=\"680\" style=\"display: block; margin-left: auto; margin-right: auto;\" srcset=\"https:\/\/diarioregionaldigital.com.br\/wp-content\/uploads\/2018\/01\/diario-int-22630-7.jpg 680w, https:\/\/diarioregionaldigital.com.br\/wp-content\/uploads\/2018\/01\/diario-int-22630-7-300x199.jpg 300w, https:\/\/diarioregionaldigital.com.br\/wp-content\/uploads\/2018\/01\/diario-int-22630-7-360x238.jpg 360w\" sizes=\"(max-width: 680px) 100vw, 680px\" \/>O coiffeur Juan Sartini e a fot\u00f3grafa Carmelita Lavorato, em cena close total<\/p>\n<p style=\"text-align: center;\"><img decoding=\"async\" class=\" size-full wp-image-88551\" src=\"http:\/\/diarioregionaljf.com.br\/wp-content\/uploads\/2018\/01\/diario-int-22630-8.jpg\" alt=\"fotoff.jpg\" width=\"680\" style=\"display: block; margin-left: auto; margin-right: auto;\" srcset=\"https:\/\/diarioregionaldigital.com.br\/wp-content\/uploads\/2018\/01\/diario-int-22630-8.jpg 680w, https:\/\/diarioregionaldigital.com.br\/wp-content\/uploads\/2018\/01\/diario-int-22630-8-300x199.jpg 300w, https:\/\/diarioregionaldigital.com.br\/wp-content\/uploads\/2018\/01\/diario-int-22630-8-360x238.jpg 360w\" sizes=\"(max-width: 680px) 100vw, 680px\" \/>Os irm\u00e3os bonit\u00f5es Igor e Hugo Juliani, no R\u00e9veillon de Cabo Frio<\/p>\n<p style=\"text-align: center;\"><img decoding=\"async\" class=\" size-full wp-image-88552\" src=\"http:\/\/diarioregionaljf.com.br\/wp-content\/uploads\/2018\/01\/diario-int-22630-9.jpg\" alt=\"fotogg.jpg\" width=\"680\" style=\"display: block; margin-left: auto; margin-right: auto;\" srcset=\"https:\/\/diarioregionaldigital.com.br\/wp-content\/uploads\/2018\/01\/diario-int-22630-9.jpg 680w, https:\/\/diarioregionaldigital.com.br\/wp-content\/uploads\/2018\/01\/diario-int-22630-9-300x199.jpg 300w, https:\/\/diarioregionaldigital.com.br\/wp-content\/uploads\/2018\/01\/diario-int-22630-9-360x238.jpg 360w\" sizes=\"(max-width: 680px) 100vw, 680px\" \/>No R\u00e9veillon em Macei\u00f3, Ana Aguiar, Ruth Hargreaves, Florinha Carmo e Ana Elisa Surerus<\/p>\n<p style=\"text-align: center;\"><img decoding=\"async\" class=\" size-full wp-image-88553\" src=\"http:\/\/diarioregionaljf.com.br\/wp-content\/uploads\/2018\/01\/diario-int-22630-10.jpg\" alt=\"fotohh.jpg\" width=\"680\" style=\"display: block; margin-left: auto; margin-right: auto;\" srcset=\"https:\/\/diarioregionaldigital.com.br\/wp-content\/uploads\/2018\/01\/diario-int-22630-10.jpg 680w, https:\/\/diarioregionaldigital.com.br\/wp-content\/uploads\/2018\/01\/diario-int-22630-10-300x243.jpg 300w, https:\/\/diarioregionaldigital.com.br\/wp-content\/uploads\/2018\/01\/diario-int-22630-10-360x291.jpg 360w\" sizes=\"(max-width: 680px) 100vw, 680px\" \/>No R\u00e9veillon do Rio, Breno e m\u00e3e Dani Verpel<\/p>\n<p style=\"text-align: center;\"><img decoding=\"async\" class=\" size-full wp-image-88554\" src=\"http:\/\/diarioregionaljf.com.br\/wp-content\/uploads\/2018\/01\/diario-int-22630-11.jpg\" alt=\"fotoii.jpg\" width=\"680\" style=\"display: block; margin-left: auto; margin-right: auto;\" srcset=\"https:\/\/diarioregionaldigital.com.br\/wp-content\/uploads\/2018\/01\/diario-int-22630-11.jpg 680w, https:\/\/diarioregionaldigital.com.br\/wp-content\/uploads\/2018\/01\/diario-int-22630-11-300x199.jpg 300w, https:\/\/diarioregionaldigital.com.br\/wp-content\/uploads\/2018\/01\/diario-int-22630-11-360x238.jpg 360w\" sizes=\"(max-width: 680px) 100vw, 680px\" \/>No fant\u00e1stico R\u00e9veillon do Privil\u00e9ge, os irm\u00e3os colunistas, Eduardo Gomes e Marc\u00edlio Gomes<\/p>\n<p style=\"text-align: center;\"><img decoding=\"async\" class=\" size-full wp-image-88555\" src=\"http:\/\/diarioregionaljf.com.br\/wp-content\/uploads\/2018\/01\/diario-int-22630-12.jpg\" alt=\"fotojj.jpg\" width=\"680\" style=\"display: block; margin-left: auto; margin-right: auto;\" srcset=\"https:\/\/diarioregionaldigital.com.br\/wp-content\/uploads\/2018\/01\/diario-int-22630-12.jpg 680w, https:\/\/diarioregionaldigital.com.br\/wp-content\/uploads\/2018\/01\/diario-int-22630-12-300x199.jpg 300w, https:\/\/diarioregionaldigital.com.br\/wp-content\/uploads\/2018\/01\/diario-int-22630-12-360x238.jpg 360w\" sizes=\"(max-width: 680px) 100vw, 680px\" \/>No R\u00e9veillon no Oceano Atl\u00e2ntico, Rosy\u00ea Apolin\u00e1rio Santos e Andr\u00e9 Santos<\/p>\n<p class=\"h4\" style=\"text-align: center;\">FOTOSS\u00cdNTESE<\/p>\n<p>2018 chegou, vamos ent\u00e3o preparar a casa e a mente para dar boas-vindas ao Ano Novo. Criar um talism\u00e3 de cristal ou pedra de acordo com o que quer despertar: for\u00e7a, f\u00e9, empreendimento e paz.<\/p>\n<p>Para eles: dicas para o ver\u00e3o, na praia, ou nas picinas chiques da cidade, para o cara atento \u00e0s tend\u00eancias do s\u00e9culo XXI: Mochila W\u00f6lner, sunga Osklen, Short florido Foxton, camisa Dudalina, camiseta Reserva e t\u00eanis Vert.<\/p>\n<p>Para quem est\u00e1 de f\u00e9rias, a curti\u00e7\u00e3o nos cinemas UCIS, \u00e9 o filme O Rei do Show. Forte candidato ao Oscar.<\/p>\n<p>Para Marcos Villas Boas (s\u00f3cio da Ag\u00eancia Rep\u00fablica), \u201cquem fica parado \u00e9 saci de patinete\u201d. Concordo.<\/p>\n<p>Carnaval em Juiz de Fora com desfile de escola de samba em 2018 teve projeto aprovado pela Lei Rouanet. Por\u00e9m, a Liga das Escolas de Samba, n\u00e3o h\u00e1 tempo de realizar. Para a Funalfa, simboliza ado\u00e7\u00e3o de novo modelo, requalificado, para as agremia\u00e7\u00f5es. Dentre principais itens do projeto, o compromisso de realiza\u00e7\u00e3o de presta\u00e7\u00e3o de contas de todo valor incentivado.<\/p>\n<p>Idealizadora do projeto Equilibra-te na Natureza, J\u00fania Bretas avisa que ainda \u00e9 tempo de desapegar de coisas que n\u00e3o tem serventia em casa. Est\u00e3o esperando as doa\u00e7\u00f5es, Abrigo Santa Helena, Funda\u00e7\u00e3o Ricardo Moys\u00e9s J\u00fanior, Instituto Padre Em\u00edlio e Legi\u00e3o da Boa Vontade (LBV).<\/p>\n<p>Os irm\u00e3os cervejeiros Eduardo e Gustavo Neves est\u00e3o animad\u00edssimos para a comemora\u00e7\u00e3o no dia 10 de janeiro, dos 70 anos de sua m\u00e3e Dona Neusa, com festa no condom\u00ednio \u201cSaint Tropes\u201d, na Barra da Tijuca, no Rio.<\/p>\n<p>A jornalista Telma Elisa aproveita o m\u00eas de f\u00e9rias em janeiro e vai ministrar curso de assessoria de imprensa, na Est\u00e1cio.<\/p>\n<p>Personal da Dynamo e formado em Educa\u00e7\u00e3o F\u00edsica e p\u00f3s Gradua\u00e7\u00e3o em muscula\u00e7\u00e3o pela UFRJ, Gabriel Dias foi eleito pelo Top Trainer Brasil o melhor personal trainer de 2017. Ele \u00e9 de Conselheiro Lafaiete e escolheu Juiz de Fora como cidade de seu cora\u00e7\u00e3o.<\/p>\n<p>Florinha Carmo e grupo animad\u00edssimo est\u00e3o curtindo as del\u00edcias de Macei\u00f3.<\/p>\n<p>A elegante V\u00e2nia Cupertino comemorou n\u00edver em Nova Iorque. J\u00e1 Soraya Caputo preferiu assoprar velinhas de parab\u00e9ns, na Su\u00ed\u00e7a.<\/p>\n<p>Para curtir: A m\u00fasica \u00e9 um barulho que pensa&#8230; Ela nunca revela o seu \u00faltimo segredo!!! Bom dia!<\/p>\n","protected":false},"excerpt":{"rendered":"<p>Boas FestasO arquiteto Lu\u00eds Duque abriu os sal\u00f5es de seu ap\u00ea e recebeu festivamente para o encerramento de 2017. A bel\u00edssima mesa de acepipes e frutas da \u00e9poca foi um deslumbramento total, montada pelo designer Rodrigo Bissoli. Tudo regado ao champanhe franc\u00eas Veuve Clicot. Pl\u00e1Uma das boas coisas que aconteceram no final do m\u00eas de [&hellip;]<\/p>\n","protected":false},"author":96,"featured_media":88543,"comment_status":"closed","ping_status":"closed","sticky":false,"template":"","format":"standard","meta":{"footnotes":""},"categories":[264],"tags":[],"class_list":["post-88556","post","type-post","status-publish","format-standard","has-post-thumbnail","hentry","category-eduardo-gomes"],"_links":{"self":[{"href":"https:\/\/diarioregionaldigital.com.br\/index.php?rest_route=\/wp\/v2\/posts\/88556","targetHints":{"allow":["GET"]}}],"collection":[{"href":"https:\/\/diarioregionaldigital.com.br\/index.php?rest_route=\/wp\/v2\/posts"}],"about":[{"href":"https:\/\/diarioregionaldigital.com.br\/index.php?rest_route=\/wp\/v2\/types\/post"}],"author":[{"embeddable":true,"href":"https:\/\/diarioregionaldigital.com.br\/index.php?rest_route=\/wp\/v2\/users\/96"}],"replies":[{"embeddable":true,"href":"https:\/\/diarioregionaldigital.com.br\/index.php?rest_route=%2Fwp%2Fv2%2Fcomments&post=88556"}],"version-history":[{"count":0,"href":"https:\/\/diarioregionaldigital.com.br\/index.php?rest_route=\/wp\/v2\/posts\/88556\/revisions"}],"wp:featuredmedia":[{"embeddable":true,"href":"https:\/\/diarioregionaldigital.com.br\/index.php?rest_route=\/wp\/v2\/media\/88543"}],"wp:attachment":[{"href":"https:\/\/diarioregionaldigital.com.br\/index.php?rest_route=%2Fwp%2Fv2%2Fmedia&parent=88556"}],"wp:term":[{"taxonomy":"category","embeddable":true,"href":"https:\/\/diarioregionaldigital.com.br\/index.php?rest_route=%2Fwp%2Fv2%2Fcategories&post=88556"},{"taxonomy":"post_tag","embeddable":true,"href":"https:\/\/diarioregionaldigital.com.br\/index.php?rest_route=%2Fwp%2Fv2%2Ftags&post=88556"}],"curies":[{"name":"wp","href":"https:\/\/api.w.org\/{rel}","templated":true}]}}