{"id":88542,"date":"2018-01-02T22:12:41","date_gmt":"2018-01-03T00:12:41","guid":{"rendered":"http:\/\/diarioregionaljf.com.br\/2018\/01\/02\/pais-produziu-em-novembro-2-595-milhoes-de-barris-de-petroleo-por-dia\/"},"modified":"2018-01-02T22:12:41","modified_gmt":"2018-01-03T00:12:41","slug":"pais-produziu-em-novembro-2-595-milhoes-de-barris-de-petroleo-por-dia","status":"publish","type":"post","link":"https:\/\/diarioregionaldigital.com.br\/?p=88542","title":{"rendered":"Pa\u00eds produziu em novembro 2,595 milh\u00f5es de barris de petr\u00f3leo por dia"},"content":{"rendered":"<p>A produ\u00e7\u00e3o de petr\u00f3leo no Brasil, em novembro, totalizou 2,595 milh\u00f5es de barris por dia. O resultado, segundo a Ag\u00eancia Nacional do Petr\u00f3leo, G\u00e1s Natural e Biocombust\u00edveis (ANP), representa uma queda de 1,2% em rela\u00e7\u00e3o com o m\u00eas anterior e de 0,5% em rela\u00e7\u00e3o ao mesmo m\u00eas de 2016.<\/p>\n<p>Houve queda tamb\u00e9m na produ\u00e7\u00e3o de g\u00e1s natural. O total de 113 milh\u00f5es de metros c\u00fabicos por dia, significou redu\u00e7\u00e3o de 1% em compara\u00e7\u00e3o a outubro e alta de 2,1%, se comparado a novembro do ano anterior.<\/p>\n<p>A produ\u00e7\u00e3o total de petr\u00f3leo e g\u00e1s natural no pa\u00eds foi de aproximadamente 3,308 milh\u00f5es de barris de \u00f3leo equivalente por dia, que \u00e9 a unidade padr\u00e3o de medida correspondente \u00e0 energia liberada pela queima de um barril de petr\u00f3leo bruto.<\/p>\n<p><strong>Pr\u00e9-sal<\/strong><\/p>\n<p>J\u00e1 no pr\u00e9-sal, foi registrada, na mesma compara\u00e7\u00e3o, alta de 1,5% na produ\u00e7\u00e3o de novembro, que ficou em 1,652 milh\u00e3o de barris de \u00f3leo equivalente por dia. O volume de 1,327 milh\u00e3o de barris de petr\u00f3leo por dia e 52 milh\u00f5es de metros c\u00fabicos de g\u00e1s natural por dia, em 83 po\u00e7os representou 49,9% do total produzido no Brasil.<\/p>\n<p><strong>Campos produtores<\/strong><\/p>\n<p>O maior produtor de petr\u00f3leo e g\u00e1s natural foi o Campo de Lula, na Bacia de Santos, que alcan\u00e7ou, em m\u00e9dia, 840 mil barris de petr\u00f3leo por dia e 35,5 milh\u00f5es de metros c\u00fabicos de g\u00e1s natural. Os campos mar\u00edtimos foram respons\u00e1veis por 95,3% do petr\u00f3leo e 79,4% do g\u00e1s natural.<\/p>\n<hr \/>\n<p>&nbsp;Fonte: Ag\u00eancia Brasil<\/p>\n","protected":false},"excerpt":{"rendered":"<p>A produ\u00e7\u00e3o de petr\u00f3leo no Brasil, em novembro, totalizou 2,595 milh\u00f5es de barris por dia. O resultado, segundo a Ag\u00eancia Nacional do Petr\u00f3leo, G\u00e1s Natural e Biocombust\u00edveis (ANP), representa uma queda de 1,2% em rela\u00e7\u00e3o com o m\u00eas anterior e de 0,5% em rela\u00e7\u00e3o ao mesmo m\u00eas de 2016. Houve queda tamb\u00e9m na produ\u00e7\u00e3o de [&hellip;]<\/p>\n","protected":false},"author":96,"featured_media":88541,"comment_status":"closed","ping_status":"closed","sticky":false,"template":"","format":"standard","meta":{"footnotes":""},"categories":[261],"tags":[],"class_list":["post-88542","post","type-post","status-publish","format-standard","has-post-thumbnail","hentry","category-economia"],"_links":{"self":[{"href":"https:\/\/diarioregionaldigital.com.br\/index.php?rest_route=\/wp\/v2\/posts\/88542","targetHints":{"allow":["GET"]}}],"collection":[{"href":"https:\/\/diarioregionaldigital.com.br\/index.php?rest_route=\/wp\/v2\/posts"}],"about":[{"href":"https:\/\/diarioregionaldigital.com.br\/index.php?rest_route=\/wp\/v2\/types\/post"}],"author":[{"embeddable":true,"href":"https:\/\/diarioregionaldigital.com.br\/index.php?rest_route=\/wp\/v2\/users\/96"}],"replies":[{"embeddable":true,"href":"https:\/\/diarioregionaldigital.com.br\/index.php?rest_route=%2Fwp%2Fv2%2Fcomments&post=88542"}],"version-history":[{"count":0,"href":"https:\/\/diarioregionaldigital.com.br\/index.php?rest_route=\/wp\/v2\/posts\/88542\/revisions"}],"wp:featuredmedia":[{"embeddable":true,"href":"https:\/\/diarioregionaldigital.com.br\/index.php?rest_route=\/wp\/v2\/media\/88541"}],"wp:attachment":[{"href":"https:\/\/diarioregionaldigital.com.br\/index.php?rest_route=%2Fwp%2Fv2%2Fmedia&parent=88542"}],"wp:term":[{"taxonomy":"category","embeddable":true,"href":"https:\/\/diarioregionaldigital.com.br\/index.php?rest_route=%2Fwp%2Fv2%2Fcategories&post=88542"},{"taxonomy":"post_tag","embeddable":true,"href":"https:\/\/diarioregionaldigital.com.br\/index.php?rest_route=%2Fwp%2Fv2%2Ftags&post=88542"}],"curies":[{"name":"wp","href":"https:\/\/api.w.org\/{rel}","templated":true}]}}