{"id":88540,"date":"2018-01-02T22:02:50","date_gmt":"2018-01-03T00:02:50","guid":{"rendered":"http:\/\/diarioregionaljf.com.br\/2018\/01\/02\/primeiro-reajuste-de-2018-no-preco-dos-combustiveis-ja-esta-em-vigor\/"},"modified":"2018-01-02T22:02:50","modified_gmt":"2018-01-03T00:02:50","slug":"primeiro-reajuste-de-2018-no-preco-dos-combustiveis-ja-esta-em-vigor","status":"publish","type":"post","link":"https:\/\/diarioregionaldigital.com.br\/?p=88540","title":{"rendered":"Primeiro reajuste de 2018 no pre\u00e7o dos combust\u00edveis j\u00e1 est\u00e1 em vigor"},"content":{"rendered":"<p>Ap\u00f3s anunciar redu\u00e7\u00e3o de 0,1% no pre\u00e7o da gasolina e aumento de 0,6% no valor comercial do diesel, as constantes varia\u00e7\u00f5es nos pre\u00e7os dos combust\u00edveis realizadas pela Petrobras continuam causando revolta e reclama\u00e7\u00e3o entre os consumidores. A primeira oscila\u00e7\u00e3o de 2018 n\u00e3o agradou em nada o instrutor de Inform\u00e1tica e Administra\u00e7\u00e3o, Vin\u00edcius Mendes Ferreira.<\/p>\n<p>\u201cEm menos de seis meses tivemos v\u00e1rios reajustes, que, em minha opini\u00e3o, s\u00e3o desnecess\u00e1rios. O pre\u00e7o do combust\u00edvel aumentou tanto em t\u00e3o pouco tempo que o Brasil \u00e9 um dos pa\u00edses com valor mais abusivo\u201d, diz.<\/p>\n<p>A \u201cindefini\u00e7\u00e3o\u201d nos pre\u00e7os prejudica o or\u00e7amento mensal do Instrutor. Segundo ele, cerca de R$120 s\u00e3o reservados mensalmente para encher o tanque. \u201cEnquanto o sal\u00e1rio aumenta pouco, somente uma vez a cada ano, o pre\u00e7o dos combust\u00edveis varia por diversos momentos no mesmo per\u00edodo. Com isso, a renda fica incompat\u00edvel, pois temos que arcar com outras despesas\u201d, reclama.<\/p>\n<p>Em Juiz de Fora ainda \u00e9 poss\u00edvel encontrar gasolina, diesel e etanol a R$4,19, R$3,48 e R$2,89, respectivamente, conforme a \u00faltima varia\u00e7\u00e3o do ano, praticada pela estatal no s\u00e1bado, 30, quando a gasolina aumentou 1,9% e o diesel 0,4%. A manuten\u00e7\u00e3o dos pre\u00e7os ocorre por conta de os donos dos postos ainda n\u00e3o terem abastecido suas bombas ap\u00f3s o an\u00fancio do \u00faltimo aumento. \u201cAinda estamos operando com pre\u00e7o antigo at\u00e9 chegar o produto com nota fiscal equivalente ao reajuste\u201d, afirma o propriet\u00e1rio de um posto localizado na regi\u00e3o central, que n\u00e3o quis se identificar.<\/p>\n<p>Ele ressalta que a pol\u00edtica adotada pela Petrobras \u00e9 ruim para os neg\u00f3cios. \u201cPara a Petrobras \u00e9 \u00f3timo. Ela coloca o produto dela no pre\u00e7o que ela quer. J\u00e1 para n\u00f3s que revendemos e para os consumidores que adquirem \u00e9 um p\u00e9ssimo neg\u00f3cio. O pre\u00e7o do combust\u00edvel est\u00e1 muito caro e deve subir ainda mais ao longo de 2018\u201d, prev\u00ea.<\/p>\n<p>A nova pol\u00edtica de revis\u00e3o de pre\u00e7os foi divulgada pela petroleira no dia 30 de junho de 2017. Com o novo modelo, a Petrobras espera acompanhar as condi\u00e7\u00f5es do mercado e enfrentar a concorr\u00eancia de importadores.<\/p>\n<p>Outro empres\u00e1rio, que tamb\u00e9m preferiu manter sigilo, revela que no fim s\u00e3o os postos que \u201cpagam o pato\u201d. \u201cOs consumidores acabam brigando conosco, mas n\u00e3o podemos deixar de repassar o reajuste. Nos \u00faltimos dois meses, foram mais de R$0,50 de aumento. Isso \u00e9 prejudicial. No in\u00edcio de cada ano, tra\u00e7amos o plano de neg\u00f3cios e calculamos a margem especifica de lucro em cima da venda do produto. Entretanto, com a varia\u00e7\u00e3o constante esse planejamento acaba se perdendo. A Petrobras aumenta os pre\u00e7os, n\u00f3s tamb\u00e9m elevamos, mas n\u00e3o significa que a lucratividade \u00e9 maior, pois temos que pagar a mais para a estatal\u201d, revela.<\/p>\n<p>&nbsp;<\/p>\n<h4>PESQUISAR \u00c9 UMA DICA VALIOSA<\/h4>\n<p>De acordo com o administrador e agente de Inova\u00e7\u00e3o, Jeremias Rodrigues, a pesquisa de pre\u00e7o \u00e9 uma boa alternativa para economizar. Al\u00e9m disso, uma boa a\u00e7\u00e3o tamb\u00e9m pode auxiliar na redu\u00e7\u00e3o dos custos. \u201cO ve\u00edculo deve ser utilizado de maneira consciente. Hoje, podemos constatar que a maioria dos carros circula com apenas uma pessoa, mas esta n\u00e3o \u00e9 a finalidade dele. Compartilh\u00e1-lo com amigos, parentes e outras pessoas pode contribuir para o bem-estar de todos e para uma redu\u00e7\u00e3o significativa nas contas com combust\u00edvel no fim do m\u00eas\u201d, refor\u00e7a. \u201cNeste per\u00edodo de f\u00e9rias tamb\u00e9m \u00e9 interessante conhecer os valores que s\u00e3o cobrados no local em que o condutor est\u00e1 se deslocando, para que ele n\u00e3o seja pego de surpresa. Eu, por exemplo, estou viajando para a Regi\u00e3o dos Lagos no Rio de Janeiro e sei que o valor cobrado nessa localidade \u00e9 bem maior que em Juiz de Fora. \u00c9 importante lembrar que outras despesas de in\u00edcio de ano est\u00e3o chegando\u201d, alerta.<\/p>\n","protected":false},"excerpt":{"rendered":"<p>Ap\u00f3s anunciar redu\u00e7\u00e3o de 0,1% no pre\u00e7o da gasolina e aumento de 0,6% no valor comercial do diesel, as constantes varia\u00e7\u00f5es nos pre\u00e7os dos combust\u00edveis realizadas pela Petrobras continuam causando revolta e reclama\u00e7\u00e3o entre os consumidores. A primeira oscila\u00e7\u00e3o de 2018 n\u00e3o agradou em nada o instrutor de Inform\u00e1tica e Administra\u00e7\u00e3o, Vin\u00edcius Mendes Ferreira. \u201cEm [&hellip;]<\/p>\n","protected":false},"author":96,"featured_media":88539,"comment_status":"closed","ping_status":"closed","sticky":false,"template":"","format":"standard","meta":{"footnotes":""},"categories":[253],"tags":[],"class_list":["post-88540","post","type-post","status-publish","format-standard","has-post-thumbnail","hentry","category-cidade"],"_links":{"self":[{"href":"https:\/\/diarioregionaldigital.com.br\/index.php?rest_route=\/wp\/v2\/posts\/88540","targetHints":{"allow":["GET"]}}],"collection":[{"href":"https:\/\/diarioregionaldigital.com.br\/index.php?rest_route=\/wp\/v2\/posts"}],"about":[{"href":"https:\/\/diarioregionaldigital.com.br\/index.php?rest_route=\/wp\/v2\/types\/post"}],"author":[{"embeddable":true,"href":"https:\/\/diarioregionaldigital.com.br\/index.php?rest_route=\/wp\/v2\/users\/96"}],"replies":[{"embeddable":true,"href":"https:\/\/diarioregionaldigital.com.br\/index.php?rest_route=%2Fwp%2Fv2%2Fcomments&post=88540"}],"version-history":[{"count":0,"href":"https:\/\/diarioregionaldigital.com.br\/index.php?rest_route=\/wp\/v2\/posts\/88540\/revisions"}],"wp:featuredmedia":[{"embeddable":true,"href":"https:\/\/diarioregionaldigital.com.br\/index.php?rest_route=\/wp\/v2\/media\/88539"}],"wp:attachment":[{"href":"https:\/\/diarioregionaldigital.com.br\/index.php?rest_route=%2Fwp%2Fv2%2Fmedia&parent=88540"}],"wp:term":[{"taxonomy":"category","embeddable":true,"href":"https:\/\/diarioregionaldigital.com.br\/index.php?rest_route=%2Fwp%2Fv2%2Fcategories&post=88540"},{"taxonomy":"post_tag","embeddable":true,"href":"https:\/\/diarioregionaldigital.com.br\/index.php?rest_route=%2Fwp%2Fv2%2Ftags&post=88540"}],"curies":[{"name":"wp","href":"https:\/\/api.w.org\/{rel}","templated":true}]}}