{"id":88538,"date":"2018-01-02T21:57:49","date_gmt":"2018-01-02T23:57:49","guid":{"rendered":"http:\/\/diarioregionaljf.com.br\/2018\/01\/02\/jogo-treino-do-tupi-com-nova-iguacu-e-adiantado\/"},"modified":"2018-01-02T21:57:49","modified_gmt":"2018-01-02T23:57:49","slug":"jogo-treino-do-tupi-com-nova-iguacu-e-adiantado","status":"publish","type":"post","link":"https:\/\/diarioregionaldigital.com.br\/?p=88538","title":{"rendered":"Jogo-treino do Tupi com Nova Igua\u00e7u \u00e9 adiantado"},"content":{"rendered":"<p>A dire\u00e7\u00e3o do Tupi anunciou algumas mudan\u00e7as na prepara\u00e7\u00e3o do Carij\u00f3 para a temporada 2018. Entre elas est\u00e1 a mudan\u00e7a da data do primeiro jogo-treino com o Nova Igua\u00e7u: inicialmente marcado para a pr\u00f3xima quinta-feira, 4, ele foi adiantado para quarta-feira, 3, na Baixada Fluminense. O outro encontro entre as duas equipes segue agendado para 10 de janeiro, em Juiz de Fora.<\/p>\n<p>O elenco treinar\u00e1 e ficar\u00e1 hospedado na cidade de Ub\u00e1 para pr\u00e9-temporada de &nbsp;5 a 10 de janeiro, onde tamb\u00e9m far\u00e1 um jogo-treino no dia 7 contra o Serra-ES, no est\u00e1dio do Bandeirante. A estreia no Mineiro \u00e9 no dia 17, contra o Cruzeiro no Mineir\u00e3o.<\/p>\n","protected":false},"excerpt":{"rendered":"<p>A dire\u00e7\u00e3o do Tupi anunciou algumas mudan\u00e7as na prepara\u00e7\u00e3o do Carij\u00f3 para a temporada 2018. Entre elas est\u00e1 a mudan\u00e7a da data do primeiro jogo-treino com o Nova Igua\u00e7u: inicialmente marcado para a pr\u00f3xima quinta-feira, 4, ele foi adiantado para quarta-feira, 3, na Baixada Fluminense. O outro encontro entre as duas equipes segue agendado para [&hellip;]<\/p>\n","protected":false},"author":96,"featured_media":88537,"comment_status":"closed","ping_status":"closed","sticky":false,"template":"","format":"standard","meta":{"footnotes":""},"categories":[257],"tags":[],"class_list":["post-88538","post","type-post","status-publish","format-standard","has-post-thumbnail","hentry","category-esporte"],"_links":{"self":[{"href":"https:\/\/diarioregionaldigital.com.br\/index.php?rest_route=\/wp\/v2\/posts\/88538","targetHints":{"allow":["GET"]}}],"collection":[{"href":"https:\/\/diarioregionaldigital.com.br\/index.php?rest_route=\/wp\/v2\/posts"}],"about":[{"href":"https:\/\/diarioregionaldigital.com.br\/index.php?rest_route=\/wp\/v2\/types\/post"}],"author":[{"embeddable":true,"href":"https:\/\/diarioregionaldigital.com.br\/index.php?rest_route=\/wp\/v2\/users\/96"}],"replies":[{"embeddable":true,"href":"https:\/\/diarioregionaldigital.com.br\/index.php?rest_route=%2Fwp%2Fv2%2Fcomments&post=88538"}],"version-history":[{"count":0,"href":"https:\/\/diarioregionaldigital.com.br\/index.php?rest_route=\/wp\/v2\/posts\/88538\/revisions"}],"wp:featuredmedia":[{"embeddable":true,"href":"https:\/\/diarioregionaldigital.com.br\/index.php?rest_route=\/wp\/v2\/media\/88537"}],"wp:attachment":[{"href":"https:\/\/diarioregionaldigital.com.br\/index.php?rest_route=%2Fwp%2Fv2%2Fmedia&parent=88538"}],"wp:term":[{"taxonomy":"category","embeddable":true,"href":"https:\/\/diarioregionaldigital.com.br\/index.php?rest_route=%2Fwp%2Fv2%2Fcategories&post=88538"},{"taxonomy":"post_tag","embeddable":true,"href":"https:\/\/diarioregionaldigital.com.br\/index.php?rest_route=%2Fwp%2Fv2%2Ftags&post=88538"}],"curies":[{"name":"wp","href":"https:\/\/api.w.org\/{rel}","templated":true}]}}