{"id":88536,"date":"2018-01-02T21:57:04","date_gmt":"2018-01-02T23:57:04","guid":{"rendered":"http:\/\/diarioregionaljf.com.br\/2018\/01\/02\/acidente-na-br-267-deixa-tres-pessoas-feridas\/"},"modified":"2018-01-02T21:57:04","modified_gmt":"2018-01-02T23:57:04","slug":"acidente-na-br-267-deixa-tres-pessoas-feridas","status":"publish","type":"post","link":"https:\/\/diarioregionaldigital.com.br\/?p=88536","title":{"rendered":"Acidente na BR-267 deixa tr\u00eas pessoas feridas"},"content":{"rendered":"<p>Tr\u00eas pessoas ficaram feridas em um acidente no Km 209 da BR-267, em Bom Jardim de Minas (a 96 Km de Juiz de Fora), no in\u00edcio da tarde dessa ter\u00e7a-feira, 2. As v\u00edtimas foram avaliadas e conduzidas pela equipe do Servi\u00e7o de Atendimento M\u00f3vel de Urg\u00eancia (SAMU) a hospitais do munic\u00edpio.<\/p>\n<p>Segundo informa\u00e7\u00f5es do Corpo de Bombeiros, acionado para atender a ocorr\u00eancia, testemunhas relataram que o motorista de um ve\u00edculo Golf, licenciado em Juiz de Fora, seguia sentido a referida cidade, quando perdeu o controle da dire\u00e7\u00e3o e invadiu a contram\u00e3o, vindo a colidir na lateral de um Peugeot, placas de S\u00e3o Paulo. Duas pessoas que estavam no Golf ficaram feridas.<\/p>\n<p>O acidente resultou, ainda, na colis\u00e3o entre outros dois carros, com placas de Ub\u00e1 e Lima Duarte. Uma das pessoas que estava no ve\u00edculo licenciado em Ub\u00e1 tamb\u00e9m se feriu.<\/p>\n<p>N\u00e3o foram repassadas informa\u00e7\u00f5es sobre o estado de sa\u00fade das v\u00edtimas.<\/p>\n<p>O Corpo de Bombeiros Militar realizou a sinaliza\u00e7\u00e3o da via, conteve os vazamentos de l\u00edquidos combust\u00edveis e eliminou os riscos de igni\u00e7\u00e3o. A Pol\u00edcia Militar (PM) tamb\u00e9m compareceu ao local e a Pol\u00edcia Rodovi\u00e1ria Federal (PRF) assumiu a ocorr\u00eancia.<\/p>\n","protected":false},"excerpt":{"rendered":"<p>Tr\u00eas pessoas ficaram feridas em um acidente no Km 209 da BR-267, em Bom Jardim de Minas (a 96 Km de Juiz de Fora), no in\u00edcio da tarde dessa ter\u00e7a-feira, 2. As v\u00edtimas foram avaliadas e conduzidas pela equipe do Servi\u00e7o de Atendimento M\u00f3vel de Urg\u00eancia (SAMU) a hospitais do munic\u00edpio. Segundo informa\u00e7\u00f5es do Corpo [&hellip;]<\/p>\n","protected":false},"author":96,"featured_media":88535,"comment_status":"closed","ping_status":"closed","sticky":false,"template":"","format":"standard","meta":{"footnotes":""},"categories":[252],"tags":[],"class_list":["post-88536","post","type-post","status-publish","format-standard","has-post-thumbnail","hentry","category-regiao"],"_links":{"self":[{"href":"https:\/\/diarioregionaldigital.com.br\/index.php?rest_route=\/wp\/v2\/posts\/88536","targetHints":{"allow":["GET"]}}],"collection":[{"href":"https:\/\/diarioregionaldigital.com.br\/index.php?rest_route=\/wp\/v2\/posts"}],"about":[{"href":"https:\/\/diarioregionaldigital.com.br\/index.php?rest_route=\/wp\/v2\/types\/post"}],"author":[{"embeddable":true,"href":"https:\/\/diarioregionaldigital.com.br\/index.php?rest_route=\/wp\/v2\/users\/96"}],"replies":[{"embeddable":true,"href":"https:\/\/diarioregionaldigital.com.br\/index.php?rest_route=%2Fwp%2Fv2%2Fcomments&post=88536"}],"version-history":[{"count":0,"href":"https:\/\/diarioregionaldigital.com.br\/index.php?rest_route=\/wp\/v2\/posts\/88536\/revisions"}],"wp:featuredmedia":[{"embeddable":true,"href":"https:\/\/diarioregionaldigital.com.br\/index.php?rest_route=\/wp\/v2\/media\/88535"}],"wp:attachment":[{"href":"https:\/\/diarioregionaldigital.com.br\/index.php?rest_route=%2Fwp%2Fv2%2Fmedia&parent=88536"}],"wp:term":[{"taxonomy":"category","embeddable":true,"href":"https:\/\/diarioregionaldigital.com.br\/index.php?rest_route=%2Fwp%2Fv2%2Fcategories&post=88536"},{"taxonomy":"post_tag","embeddable":true,"href":"https:\/\/diarioregionaldigital.com.br\/index.php?rest_route=%2Fwp%2Fv2%2Ftags&post=88536"}],"curies":[{"name":"wp","href":"https:\/\/api.w.org\/{rel}","templated":true}]}}