{"id":88534,"date":"2018-01-02T21:51:56","date_gmt":"2018-01-02T23:51:56","guid":{"rendered":"http:\/\/diarioregionaljf.com.br\/2018\/01\/02\/vendas-de-material-de-construcao-crescem-6-em-2017\/"},"modified":"2018-01-02T21:51:56","modified_gmt":"2018-01-02T23:51:56","slug":"vendas-de-material-de-construcao-crescem-6-em-2017","status":"publish","type":"post","link":"https:\/\/diarioregionaldigital.com.br\/?p=88534","title":{"rendered":"Vendas de material de constru\u00e7\u00e3o crescem 6% em 2017"},"content":{"rendered":"<p>As vendas de material de constru\u00e7\u00e3o no varejo cresceram 6% em 2017 na compara\u00e7\u00e3o com o ano anterior, segundo pesquisa da Associa\u00e7\u00e3o Nacional dos Comerciantes de Material de Constru\u00e7\u00e3o (Anamaco). O faturamento anual do setor ficou em R$114,5 bilh\u00f5es. Segundo o presidente da associa\u00e7\u00e3o, Cl\u00e1udio Conz, este foi um ano de recupera\u00e7\u00e3o, mas com percal\u00e7os. A expectativa da Anamaco \u00e9 que o setor cres\u00e7a 8,5% em 2018, influenciado pela redu\u00e7\u00e3o da taxa de juros, da infla\u00e7\u00e3o e pelo aumento do emprego.<\/p>\n<p>Em dezembro, as vendas de material de constru\u00e7\u00e3o cresceram 1% em rela\u00e7\u00e3o a novembro. O mesmo percentual foi observado na compara\u00e7\u00e3o com dezembro de 2016. Na an\u00e1lise por categorias, as vendas de tintas tiveram crescimento de 8% em dezembro na compara\u00e7\u00e3o com novembro. As vendas de cimento cresceram 2% no per\u00edodo; as de revestimento cer\u00e2mico ca\u00edram 4% e as de telhas de fibrocimento tiveram queda de 3%.<\/p>\n<hr \/>\n<p>&nbsp;Fonte: Ag\u00eancia Brasil<\/p>\n","protected":false},"excerpt":{"rendered":"<p>As vendas de material de constru\u00e7\u00e3o no varejo cresceram 6% em 2017 na compara\u00e7\u00e3o com o ano anterior, segundo pesquisa da Associa\u00e7\u00e3o Nacional dos Comerciantes de Material de Constru\u00e7\u00e3o (Anamaco). O faturamento anual do setor ficou em R$114,5 bilh\u00f5es. Segundo o presidente da associa\u00e7\u00e3o, Cl\u00e1udio Conz, este foi um ano de recupera\u00e7\u00e3o, mas com percal\u00e7os. [&hellip;]<\/p>\n","protected":false},"author":96,"featured_media":88533,"comment_status":"closed","ping_status":"closed","sticky":false,"template":"","format":"standard","meta":{"footnotes":""},"categories":[261],"tags":[],"class_list":["post-88534","post","type-post","status-publish","format-standard","has-post-thumbnail","hentry","category-economia"],"_links":{"self":[{"href":"https:\/\/diarioregionaldigital.com.br\/index.php?rest_route=\/wp\/v2\/posts\/88534","targetHints":{"allow":["GET"]}}],"collection":[{"href":"https:\/\/diarioregionaldigital.com.br\/index.php?rest_route=\/wp\/v2\/posts"}],"about":[{"href":"https:\/\/diarioregionaldigital.com.br\/index.php?rest_route=\/wp\/v2\/types\/post"}],"author":[{"embeddable":true,"href":"https:\/\/diarioregionaldigital.com.br\/index.php?rest_route=\/wp\/v2\/users\/96"}],"replies":[{"embeddable":true,"href":"https:\/\/diarioregionaldigital.com.br\/index.php?rest_route=%2Fwp%2Fv2%2Fcomments&post=88534"}],"version-history":[{"count":0,"href":"https:\/\/diarioregionaldigital.com.br\/index.php?rest_route=\/wp\/v2\/posts\/88534\/revisions"}],"wp:featuredmedia":[{"embeddable":true,"href":"https:\/\/diarioregionaldigital.com.br\/index.php?rest_route=\/wp\/v2\/media\/88533"}],"wp:attachment":[{"href":"https:\/\/diarioregionaldigital.com.br\/index.php?rest_route=%2Fwp%2Fv2%2Fmedia&parent=88534"}],"wp:term":[{"taxonomy":"category","embeddable":true,"href":"https:\/\/diarioregionaldigital.com.br\/index.php?rest_route=%2Fwp%2Fv2%2Fcategories&post=88534"},{"taxonomy":"post_tag","embeddable":true,"href":"https:\/\/diarioregionaldigital.com.br\/index.php?rest_route=%2Fwp%2Fv2%2Ftags&post=88534"}],"curies":[{"name":"wp","href":"https:\/\/api.w.org\/{rel}","templated":true}]}}