{"id":88532,"date":"2018-01-02T21:49:42","date_gmt":"2018-01-02T23:49:42","guid":{"rendered":"http:\/\/diarioregionaljf.com.br\/2018\/01\/02\/sel-abre-inscricoes-para-novo-projeto-com-oficinas-de-esporte\/"},"modified":"2018-01-02T21:49:42","modified_gmt":"2018-01-02T23:49:42","slug":"sel-abre-inscricoes-para-novo-projeto-com-oficinas-de-esporte","status":"publish","type":"post","link":"https:\/\/diarioregionaldigital.com.br\/?p=88532","title":{"rendered":"SEL abre inscri\u00e7\u00f5es para novo projeto com oficinas  de esporte"},"content":{"rendered":"<p>Juiz de Fora ganhar\u00e1, em janeiro, mais um programa de incentivo ao esporte. O \u201cEsporte e Lazer da Cidade\u201d (Pelc) vai proporcionar a pr\u00e1tica de atividades f\u00edsicas, culturais e de lazer, envolvendo todas as faixas et\u00e1rias e pessoas portadoras de defici\u00eancia. Al\u00e9m disso, tem o objetivo de estimular a conviv\u00eancia social, a forma\u00e7\u00e3o de gestores e lideran\u00e7as comunit\u00e1rias e favorecer a pesquisa e a socializa\u00e7\u00e3o do conhecimento, contribuindo para que esporte e lazer sejam tratados como pol\u00edticas e direitos de todos.<\/p>\n<p>&nbsp;&nbsp;&nbsp;&nbsp;&nbsp;&nbsp;&nbsp;&nbsp;&nbsp;&nbsp;&nbsp;&nbsp;&nbsp;&nbsp;&nbsp;&nbsp;&nbsp;&nbsp;&nbsp;&nbsp;&nbsp;&nbsp;&nbsp;&nbsp;&nbsp;&nbsp;&nbsp;&nbsp;&nbsp;&nbsp;&nbsp;&nbsp;&nbsp;&nbsp; <br \/> O programa ser\u00e1 coordenado pela Prefeitura de Juiz de Fora (PJF), atrav\u00e9s da Secretaria de Esporte e Lazer (SEL), em dois n\u00facleos, com dois subn\u00facleos em cada um. O da zona sul ser\u00e1 composto pelo Centro Cultural Aboli\u00e7\u00e3o, como principal, e Polivalente Teixeiras e Pra\u00e7a S\u00e3o Mateus como secund\u00e1rios. Na zona norte, a Escola Estadual (E. E.) \u201cMaria Elba Braga\u201d ser\u00e1 o n\u00facleo, acompanhada do Campo do Cer\u00e2mica e do N\u00facleo Travessia como subn\u00facleos, oferecendo oficinas de v\u00f4lei, handebol, futebol basquete, lutas, artesanato, dan\u00e7as, mesa de leitura, caminhada, entre outras.<\/p>\n<p> As inscri\u00e7\u00f5es s\u00e3o gratuitas e estar\u00e3o dispon\u00edveis, diretamente nos n\u00facleos, a partir da quarta-feira, 3 de janeiro. Ser\u00e1 necess\u00e1rio apresentar carteira de identidade, CPF, comprovante de resid\u00eancia e, caso seja menor de 18 anos, estar acompanhado de um respons\u00e1vel. A previs\u00e3o \u00e9 de cerca de 400 atendimentos por dia, de segunda a sexta-feira, de acordo com os hor\u00e1rios de cada atividade.<\/p>\n<p> Confira o endere\u00e7o de cada n\u00facleo e hor\u00e1rios para inscri\u00e7\u00f5es:<\/p>\n<p> N\u00facleo Aboli\u00e7\u00e3o \u2013 Rua Robson da Costa Magalh\u00e3es, 9 \u2013 Bela Aurora &#8211;&nbsp;<br \/> inscri\u00e7\u00f5es das 8h30 \u00e0s 11 horas.<\/p>\n<p> Subn\u00facleo Polivalente Teixeiras \u2013 Rua No\u00eamia Mendon\u00e7a \u2013 Teixeiras &#8211;&nbsp;<br \/> inscri\u00e7\u00f5es das 8h30 \u00e0s 11 horas.<\/p>\n<p> Subn\u00facleo S\u00e3o Mateus \u2013 Pra\u00e7a S\u00e3o Mateus \u2013 Pra\u00e7a Jarbas de Lery Santos \u2013 inscri\u00e7\u00f5es Rua S\u00e3o Mateus &#8211; das 8h30 \u00e0s 11 horas e das 14 \u00e0s 17 horas.<\/p>\n<p> N\u00facleo Maria Elba Braga \u2013 Rua Edgar de Paiva Aguiar, n\u00ba 155 \u2013 Cer\u00e2mica &#8211;&nbsp;<br \/> inscri\u00e7\u00f5es das 8h30 \u00e0s 11 horas.<\/p>\n<p> Subn\u00facleo Travessia \u2013 Rua Jacinto Marcelino n\u00ba 25 \u2013 Vila Olavo Costa &#8211;&nbsp;<br \/> inscri\u00e7\u00f5es das 8h30 \u00e0s 11 horas e das 14 \u00e0s 17 horas.<\/p>\n<p> Subn\u00facleo Cer\u00e2mica \u2013 Rua Francisco de Almeida &#8211; Cer\u00e2mica &#8211;&nbsp;<br \/> inscri\u00e7\u00f5es das 8h30 \u00e0s 11 horas.<\/p>\n<p><strong>Fonte: Assessoria\/SEL<\/strong><\/p>\n","protected":false},"excerpt":{"rendered":"<p>Juiz de Fora ganhar\u00e1, em janeiro, mais um programa de incentivo ao esporte. O \u201cEsporte e Lazer da Cidade\u201d (Pelc) vai proporcionar a pr\u00e1tica de atividades f\u00edsicas, culturais e de lazer, envolvendo todas as faixas et\u00e1rias e pessoas portadoras de defici\u00eancia. Al\u00e9m disso, tem o objetivo de estimular a conviv\u00eancia social, a forma\u00e7\u00e3o de gestores [&hellip;]<\/p>\n","protected":false},"author":96,"featured_media":88531,"comment_status":"closed","ping_status":"closed","sticky":false,"template":"","format":"standard","meta":{"footnotes":""},"categories":[257],"tags":[],"class_list":["post-88532","post","type-post","status-publish","format-standard","has-post-thumbnail","hentry","category-esporte"],"_links":{"self":[{"href":"https:\/\/diarioregionaldigital.com.br\/index.php?rest_route=\/wp\/v2\/posts\/88532","targetHints":{"allow":["GET"]}}],"collection":[{"href":"https:\/\/diarioregionaldigital.com.br\/index.php?rest_route=\/wp\/v2\/posts"}],"about":[{"href":"https:\/\/diarioregionaldigital.com.br\/index.php?rest_route=\/wp\/v2\/types\/post"}],"author":[{"embeddable":true,"href":"https:\/\/diarioregionaldigital.com.br\/index.php?rest_route=\/wp\/v2\/users\/96"}],"replies":[{"embeddable":true,"href":"https:\/\/diarioregionaldigital.com.br\/index.php?rest_route=%2Fwp%2Fv2%2Fcomments&post=88532"}],"version-history":[{"count":0,"href":"https:\/\/diarioregionaldigital.com.br\/index.php?rest_route=\/wp\/v2\/posts\/88532\/revisions"}],"wp:featuredmedia":[{"embeddable":true,"href":"https:\/\/diarioregionaldigital.com.br\/index.php?rest_route=\/wp\/v2\/media\/88531"}],"wp:attachment":[{"href":"https:\/\/diarioregionaldigital.com.br\/index.php?rest_route=%2Fwp%2Fv2%2Fmedia&parent=88532"}],"wp:term":[{"taxonomy":"category","embeddable":true,"href":"https:\/\/diarioregionaldigital.com.br\/index.php?rest_route=%2Fwp%2Fv2%2Fcategories&post=88532"},{"taxonomy":"post_tag","embeddable":true,"href":"https:\/\/diarioregionaldigital.com.br\/index.php?rest_route=%2Fwp%2Fv2%2Ftags&post=88532"}],"curies":[{"name":"wp","href":"https:\/\/api.w.org\/{rel}","templated":true}]}}