{"id":88528,"date":"2018-01-02T21:34:06","date_gmt":"2018-01-02T23:34:06","guid":{"rendered":"http:\/\/diarioregionaljf.com.br\/2018\/01\/02\/especialistas-analisam-o-novo-salario-minimo-e-dao-orientacoes-para-manter-as-contas-em-dia\/"},"modified":"2018-01-02T21:34:06","modified_gmt":"2018-01-02T23:34:06","slug":"especialistas-analisam-o-novo-salario-minimo-e-dao-orientacoes-para-manter-as-contas-em-dia","status":"publish","type":"post","link":"https:\/\/diarioregionaldigital.com.br\/?p=88528","title":{"rendered":"Especialistas analisam o novo sal\u00e1rio m\u00ednimo e d\u00e3o orienta\u00e7\u00f5es para manter as contas em dia"},"content":{"rendered":"<p>O novo sal\u00e1rio m\u00ednimo, R$954, come\u00e7ou a valer nessa segunda-feira, 1\u00ba de janeiro. Este \u00e9 o menor reajuste em 24 anos, com um aumento de R$17, e inferior ao estimado anteriormente pelo governo, que era R$965.<\/p>\n<p>A advogada previdenciarista Rose Fran\u00e7a afirmou que este \u00e9 o menor reajuste desde o Plano Real. \u201cFicou abaixo da expectativa dos brasileiros e do pr\u00f3prio Congresso Nacional. O Departamento Intersindical de Estat\u00edsticas e Estudos Socioecon\u00f4micos (Dieese) divulgou em dezembro que o sal\u00e1rio m\u00ednimo ideal para sustentar uma fam\u00edlia de quatro pessoas e suprir as despesas de alimenta\u00e7\u00e3o, moradia, sa\u00fade, educa\u00e7\u00e3o, vestu\u00e1rio, higiene, transporte, lazer e previd\u00eancia \u00e9 de R$3.731,39\u201d.<\/p>\n<p>A atual f\u00f3rmula de reajuste do sal\u00e1rio m\u00ednimo foi criada em 2012, ainda no governo da presidente Dilma Rousseff. \u201cO aumento \u00e9 uma regra estabelecida por lei, pelo menos at\u00e9 2019, ent\u00e3o o que a gente tem \u00e9 uma mera recupera\u00e7\u00e3o do poder de compra dado pela evolu\u00e7\u00e3o da infla\u00e7\u00e3o no ano, que foi positiva devido aos n\u00fameros baixos da infla\u00e7\u00e3o\u201d, esclareceu o professor da Faculdade de Economia da Universidade Federal de Juiz de Fora (UFJF), Wilson Luiz Rotatori Corr\u00eaa.<\/p>\n<p>O reajuste foi mais baixo porque a f\u00f3rmula de corre\u00e7\u00e3o leva em conta a varia\u00e7\u00e3o do \u00cdndice Nacional de Pre\u00e7os ao Consumidor (INPC) do ano anterior, calculado pelo Instituto Brasileiro de Geografia e Estat\u00edstica (IBGE), e o resultado do Produto Interno Bruto (PIB) de dois anos antes. Como o resultado do PIB de 2016 foi negativo, o reajuste do sal\u00e1rio m\u00ednimo foi calculado apenas pelo INPC, estimado pelo governo em 1,81%.<\/p>\n<p>\u201cComo n\u00e3o houve um aumento real, j\u00e1 que n\u00e3o tivemos crescimento, isso impactou com \u00edndice baixo no sal\u00e1rio m\u00ednimo. O trabalhador continua na mesma, \u00e9 s\u00f3 uma recupera\u00e7\u00e3o dos valores da infla\u00e7\u00e3o\u201d, afirmou o especialista.<\/p>\n<p>Como o reajuste ficou abaixo da estimativa anterior, o governo deve economizar cerca de R$3,3 bilh\u00f5es em gastos este ano. \u201cEmbora cerca de 45 milh\u00f5es de brasileiros receba um sal\u00e1rio m\u00ednimo, este \u00e9 o menor valor a t\u00edtulo de remunera\u00e7\u00e3o que um trabalhador pode receber. Em contrapartida, o Minist\u00e9rio do Planejamento, atrav\u00e9s de mensagem enviada ao Congresso em abril do ano passado, na proposta da Lei de Diretrizes Or\u00e7ament\u00e1rias (LDO), informou que cada real de aumento no sal\u00e1rio m\u00ednimo gera um incremento de R$301,6 milh\u00f5es ao ano nas despesas do governo\u201d, enfatizou a advogada previdenciarista.<\/p>\n<p>&nbsp;<\/p>\n<h4>IPTU E IPVA<\/h4>\n<p>Os principais impostos neste in\u00edcio de ano s\u00e3o o Imposto sobre a Propriedade de Ve\u00edculos Automotores (IPVA) e o sobre a Propriedade Predial e Territorial Urbana (IPTU). O professor orientou que as pessoas j\u00e1 devem se preparar para a quita\u00e7\u00e3o dos impostos no final do ano. \u201c\u00c9 importante levar em considera\u00e7\u00e3o e fazer um planejamento, se poss\u00edvel no final do ano e n\u00e3o gastar demais com as festas, pois realizar o pagamento agora \u00e9 uma boa oportunidade para aproveitar os descontos\u201d, afirmou.<\/p>\n<p>Al\u00e9m disso, para aqueles que possuem filhos na escola tamb\u00e9m h\u00e1 gastos com matr\u00edcula e material escolar. \u201cA dica \u00e9 pesquisar, pois justamente nesse momento, onde h\u00e1 um n\u00famero alto de consumo, a varia\u00e7\u00e3o de pre\u00e7o \u00e9 muito grande\u201d, aconselhou Corr\u00eaa.<\/p>\n<p>&nbsp;<\/p>\n<h4>PLANEJAMENTO<\/h4>\n<p>O professor da UFJF ainda afirmou que \u00e9 poss\u00edvel que as pessoas se programem para o ano todo. \u201cSente na frente de um computador ou at\u00e9 mesmo com papel e l\u00e1pis e fa\u00e7a o or\u00e7amento da casa. Contabilize todas as despesas e receitas que voc\u00ea tem ao longo ano. Se poss\u00edvel, separe um valor para poupan\u00e7a para se prevenir em caso de uma despesa inesperada ou desejo de comprar algo e aproveitar as liquida\u00e7\u00f5es que ocorrem no segundo semestre\u201d, orientou Corr\u00eaa. \u201cOrganiza\u00e7\u00e3o financeira come\u00e7a quando voc\u00ea estabelece o que gasta, o que voc\u00ea ganha e onde pode cortar para deixar as contas em dia\u201d, acrescentou.<\/p>\n<p>J\u00e1 a advogada previdenciarista orientou que as pessoas procurem comprar \u00e0 vista, e evitem contrair empr\u00e9stimos e atrasos com o cart\u00e3o de cr\u00e9dito e cheque especial. \u201cSe optar por compras parceladas, procure pagar em dia por causa das altas taxas de juros, como no cart\u00e3o de cr\u00e9dito e cheque especial. Outra dica \u00e9 evitar contrair empr\u00e9stimos, pois \u00e9 uma d\u00edvida silenciosa que destr\u00f3i o or\u00e7amento familiar a cada m\u00eas\u201d, disse Rose.<\/p>\n<p>Corr\u00eaa afirmou que ainda h\u00e1 riscos, por isso, n\u00e3o \u00e9 aconselh\u00e1vel assumir novas d\u00edvidas. \u201cA gente ainda tem um cen\u00e1rio de incerteza do que pode acontecer na elei\u00e7\u00e3o presidencial, pois ela afeta diretamente na economia e pode lev\u00e1-la para um crescimento lento. Por isso, aguarde um pouco e veja o que vai acontecer nos desdobramentos pol\u00edticos no Brasil\u201d, alertou.<\/p>\n<p>J\u00e1 Rose Fran\u00e7a aconselhou que a popula\u00e7\u00e3o seja prudente e fa\u00e7a um balan\u00e7o geral antes de seguir em frente. \u201cDeve-se calcular o or\u00e7amento, quais s\u00e3o as d\u00edvidas e despesas fixas, quanto sobra mensalmente e definir como pagar\u00e1 tudo. A\u00ed sim, pode-se ousar em novos projetos\u201d, finalizou.<\/p>\n","protected":false},"excerpt":{"rendered":"<p>O novo sal\u00e1rio m\u00ednimo, R$954, come\u00e7ou a valer nessa segunda-feira, 1\u00ba de janeiro. Este \u00e9 o menor reajuste em 24 anos, com um aumento de R$17, e inferior ao estimado anteriormente pelo governo, que era R$965. A advogada previdenciarista Rose Fran\u00e7a afirmou que este \u00e9 o menor reajuste desde o Plano Real. \u201cFicou abaixo da [&hellip;]<\/p>\n","protected":false},"author":96,"featured_media":88527,"comment_status":"closed","ping_status":"closed","sticky":false,"template":"","format":"standard","meta":{"footnotes":""},"categories":[253],"tags":[],"class_list":["post-88528","post","type-post","status-publish","format-standard","has-post-thumbnail","hentry","category-cidade"],"_links":{"self":[{"href":"https:\/\/diarioregionaldigital.com.br\/index.php?rest_route=\/wp\/v2\/posts\/88528","targetHints":{"allow":["GET"]}}],"collection":[{"href":"https:\/\/diarioregionaldigital.com.br\/index.php?rest_route=\/wp\/v2\/posts"}],"about":[{"href":"https:\/\/diarioregionaldigital.com.br\/index.php?rest_route=\/wp\/v2\/types\/post"}],"author":[{"embeddable":true,"href":"https:\/\/diarioregionaldigital.com.br\/index.php?rest_route=\/wp\/v2\/users\/96"}],"replies":[{"embeddable":true,"href":"https:\/\/diarioregionaldigital.com.br\/index.php?rest_route=%2Fwp%2Fv2%2Fcomments&post=88528"}],"version-history":[{"count":0,"href":"https:\/\/diarioregionaldigital.com.br\/index.php?rest_route=\/wp\/v2\/posts\/88528\/revisions"}],"wp:featuredmedia":[{"embeddable":true,"href":"https:\/\/diarioregionaldigital.com.br\/index.php?rest_route=\/wp\/v2\/media\/88527"}],"wp:attachment":[{"href":"https:\/\/diarioregionaldigital.com.br\/index.php?rest_route=%2Fwp%2Fv2%2Fmedia&parent=88528"}],"wp:term":[{"taxonomy":"category","embeddable":true,"href":"https:\/\/diarioregionaldigital.com.br\/index.php?rest_route=%2Fwp%2Fv2%2Fcategories&post=88528"},{"taxonomy":"post_tag","embeddable":true,"href":"https:\/\/diarioregionaldigital.com.br\/index.php?rest_route=%2Fwp%2Fv2%2Ftags&post=88528"}],"curies":[{"name":"wp","href":"https:\/\/api.w.org\/{rel}","templated":true}]}}