{"id":88526,"date":"2018-01-02T20:02:23","date_gmt":"2018-01-02T22:02:23","guid":{"rendered":"http:\/\/diarioregionaljf.com.br\/2018\/01\/02\/adolescente-e-baleado-na-porta-de-casa-em-muriae\/"},"modified":"2018-01-02T20:02:23","modified_gmt":"2018-01-02T22:02:23","slug":"adolescente-e-baleado-na-porta-de-casa-em-muriae","status":"publish","type":"post","link":"https:\/\/diarioregionaldigital.com.br\/?p=88526","title":{"rendered":"Adolescente \u00e9 baleado na porta de casa em Muria\u00e9"},"content":{"rendered":"<p>Um adolescente foi baleado, no bairro Primavera, em Muria\u00e9 (a cerca de 158 Km de Juiz de Fora), na tarde desta ter\u00e7a-feira, 2. A ocorr\u00eancia est\u00e1 em andamento e, segundo informa\u00e7\u00f5es iniciais, o jovem deu entrada no Pronto Socorro do Hospital S\u00e3o Paulo (HSP) com um ferimento no abd\u00f4men e foi encaminhado para exame de tomografia.<\/p>\n<p>Conforme a Pol\u00edcia Militar (PM), relatos colhidos no local do crime informam que a v\u00edtima estava sentada na porta da resid\u00eancia onde mora quando dois homens passaram em uma motocicleta e um deles atirou contra o menor, que teria sido socorrido ao HSP por populares.<\/p>\n<p>N\u00e3o h\u00e1 detalhes sobre os autores, bem como quanto \u00e0 motiva\u00e7\u00e3o do crime, e a PM segue em rastreamento a procura dos criminosos.<\/p>\n<p>Da reda\u00e7\u00e3o\/ R\u00e1dio Muria\u00e9<\/p>\n","protected":false},"excerpt":{"rendered":"<p>Um adolescente foi baleado, no bairro Primavera, em Muria\u00e9 (a cerca de 158 Km de Juiz de Fora), na tarde desta ter\u00e7a-feira, 2. A ocorr\u00eancia est\u00e1 em andamento e, segundo informa\u00e7\u00f5es iniciais, o jovem deu entrada no Pronto Socorro do Hospital S\u00e3o Paulo (HSP) com um ferimento no abd\u00f4men e foi encaminhado para exame de [&hellip;]<\/p>\n","protected":false},"author":96,"featured_media":88525,"comment_status":"closed","ping_status":"closed","sticky":false,"template":"","format":"standard","meta":{"footnotes":""},"categories":[252],"tags":[],"class_list":["post-88526","post","type-post","status-publish","format-standard","has-post-thumbnail","hentry","category-regiao"],"_links":{"self":[{"href":"https:\/\/diarioregionaldigital.com.br\/index.php?rest_route=\/wp\/v2\/posts\/88526","targetHints":{"allow":["GET"]}}],"collection":[{"href":"https:\/\/diarioregionaldigital.com.br\/index.php?rest_route=\/wp\/v2\/posts"}],"about":[{"href":"https:\/\/diarioregionaldigital.com.br\/index.php?rest_route=\/wp\/v2\/types\/post"}],"author":[{"embeddable":true,"href":"https:\/\/diarioregionaldigital.com.br\/index.php?rest_route=\/wp\/v2\/users\/96"}],"replies":[{"embeddable":true,"href":"https:\/\/diarioregionaldigital.com.br\/index.php?rest_route=%2Fwp%2Fv2%2Fcomments&post=88526"}],"version-history":[{"count":0,"href":"https:\/\/diarioregionaldigital.com.br\/index.php?rest_route=\/wp\/v2\/posts\/88526\/revisions"}],"wp:featuredmedia":[{"embeddable":true,"href":"https:\/\/diarioregionaldigital.com.br\/index.php?rest_route=\/wp\/v2\/media\/88525"}],"wp:attachment":[{"href":"https:\/\/diarioregionaldigital.com.br\/index.php?rest_route=%2Fwp%2Fv2%2Fmedia&parent=88526"}],"wp:term":[{"taxonomy":"category","embeddable":true,"href":"https:\/\/diarioregionaldigital.com.br\/index.php?rest_route=%2Fwp%2Fv2%2Fcategories&post=88526"},{"taxonomy":"post_tag","embeddable":true,"href":"https:\/\/diarioregionaldigital.com.br\/index.php?rest_route=%2Fwp%2Fv2%2Ftags&post=88526"}],"curies":[{"name":"wp","href":"https:\/\/api.w.org\/{rel}","templated":true}]}}