{"id":88524,"date":"2018-01-02T19:54:08","date_gmt":"2018-01-02T21:54:08","guid":{"rendered":"http:\/\/diarioregionaljf.com.br\/2018\/01\/02\/numero-de-autuacoes-de-transito-registradas-pela-settra-tem-queda-de-mais-de-12-mil-registros-em-2017\/"},"modified":"2018-01-02T19:54:08","modified_gmt":"2018-01-02T21:54:08","slug":"numero-de-autuacoes-de-transito-registradas-pela-settra-tem-queda-de-mais-de-12-mil-registros-em-2017","status":"publish","type":"post","link":"https:\/\/diarioregionaldigital.com.br\/?p=88524","title":{"rendered":"N\u00famero de autua\u00e7\u00f5es de tr\u00e2nsito registradas pela Settra tem queda de mais de 12 mil registros em 2017"},"content":{"rendered":"<p>Balan\u00e7o divulgado pela Secretaria de Transporte e Tr\u00e2nsito (Settra) da Prefeitura de Juiz de Fora (PJF), nesta ter\u00e7a-feira, 2, constata queda de 13,08% no n\u00famero de autua\u00e7\u00f5es registrado em 2017, em compara\u00e7\u00e3o a 2016. Em n\u00fameros absolutos, a redu\u00e7\u00e3o representa 12.727 registros de infra\u00e7\u00e3o. Comparativamente, em 2017 foram 84.552 autua\u00e7\u00f5es, contra 97.279 em 2016. Os dados s\u00e3o do Sistema de Gerenciamento de Infra\u00e7\u00f5es de Tr\u00e2nsito da Settra.<\/p>\n<p>O ranking das cinco faltas mais cometidas segue a mesma ordem de 2016, mas com redu\u00e7\u00e3o em todas as infra\u00e7\u00f5es. Em primeiro lugar, excesso de velocidade (43.333), seguido do estacionamento irregular (27.400), avan\u00e7o de sinal (4.892), uso de celular ao volante (2.131) e falta do uso do cinto de seguran\u00e7a (1.287). A queda p\u00f4de ser percebida ao longo de todo o ano, e \u00e9 considerada consequ\u00eancia do trabalho dos agentes do Departamento de Fiscaliza\u00e7\u00e3o de Transporte e Tr\u00e2nsito (DFTT), aliado \u00e0 inser\u00e7\u00e3o de equipamentos eletr\u00f4nicos (monitorando tr\u00eas tipos de infra\u00e7\u00e3o: avan\u00e7o de sem\u00e1foro, parada sobre faixa de pedestres e excesso de velocidade) e do v\u00eddeomonitoramento. Al\u00e9m das campanhas educativas realizadas pela Settra e parceiros.<\/p>\n<p>O secret\u00e1rio de Transporte e Tr\u00e2nsito, Rodrigo Tortoriello, lembrou que a fiscaliza\u00e7\u00e3o, principalmente a eletr\u00f4nica, tem car\u00e1ter educativo, estimulando o motorista a respeitar as leis de tr\u00e2nsito e ser mais cuidadoso: \u201cPercebemos essa redu\u00e7\u00e3o no n\u00famero de infra\u00e7\u00f5es, e \u00e9 isso que queremos sempre. Utilizamos a fiscaliza\u00e7\u00e3o como maneira de fazer com que o condutor respeite o c\u00f3digo, e assim o tr\u00e2nsito ser\u00e1 mais seguro para todos. As campanhas educativas tamb\u00e9m s\u00e3o fundamentais para chegarmos a estes n\u00fameros. Reduzir o n\u00famero de autua\u00e7\u00f5es tamb\u00e9m reflete na queda de risco de acidentes\u201d.<\/p>\n<p>A presidente da Comiss\u00e3o Municipal de Seguran\u00e7a e Educa\u00e7\u00e3o no Tr\u00e2nsito (Comset), Ana Beatriz Chaves, avaliou a redu\u00e7\u00e3o, considerando-a resultado da uni\u00e3o de esfor\u00e7os entre a Settra, Comset e parceiros: \u201cEssa redu\u00e7\u00e3o de \u00edndices \u00e9 resultado de trabalho conjunto e mobiliza\u00e7\u00e3o para um tr\u00e2nsito mais seguro e pela preserva\u00e7\u00e3o da vida\u201d.<\/p>\n<p>A Settra conta com equipe para palestras e a\u00e7\u00f5es, abordando temas relacionados \u00e0 \u201cEduca\u00e7\u00e3o no Tr\u00e2nsito\u201d. As solicita\u00e7\u00f5es podem ser feitas pelo telefone 3690-8235.<\/p>\n<p>&nbsp;<\/p>\n<h4>EQUIPAMENTOS<\/h4>\n<p>Os equipamentos eletr\u00f4nicos de fiscaliza\u00e7\u00e3o est\u00e3o instalados na Avenida Bar\u00e3o do Rio Branco, em frente ao Sport Club; nos cruzamentos da Avenida Brasil e Rua Benjamin Constant e na Avenida Doutor Paulo Japiass\u00fa Coellho, esquina com Rua Tom Fagundes. Em todos estes locais eles funcionam nos dois sentidos.<\/p>\n<p>&nbsp;<\/p>\n<h4>C\u00c2MERAS<\/h4>\n<p>As c\u00e2meras foram instaladas nos cruzamentos entre as avenidas Rio Branco e Brasil, Rio Branco e Get\u00falio Vargas, Presidente Itamar Franco e Get\u00falio Vargas, Rio Branco e Rua Marechal Floriano Peixoto, Francisco Bernardino e Rua Marechal Deodoro, Rio Branco e Francisco Bernardino, Francisco Bernardino e Rua Benjamin Constant, Rio Branco e Presidente Itamar Franco, Presidente Itamar Franco e Rua Monsenhor Gustavo Freire, Rio Branco e Doutor Jos\u00e9 Proc\u00f3pio Teixeira, Rua Benjamin Constant e Avenida Brasil e Bar\u00e3o do Rio Branco e Rua Doutor Romualdo.<\/p>\n<p>&nbsp;<\/p>\n<p><strong>Principais dados de 2016<\/strong><\/p>\n<p>&#8211; Excesso de velocidade: 53.205<br \/>&#8211; Estacionamento irregular: 27.908<br \/>&#8211; Avan\u00e7o de sinal: 6.224<br \/>&#8211; Uso de celular ao volante: 2.416<br \/>&#8211; Falta do uso do cinto de seguran\u00e7a: 2.002<\/p>\n<p>&nbsp;<\/p>\n<p>Fonte: Assessoria<\/p>\n","protected":false},"excerpt":{"rendered":"<p>Balan\u00e7o divulgado pela Secretaria de Transporte e Tr\u00e2nsito (Settra) da Prefeitura de Juiz de Fora (PJF), nesta ter\u00e7a-feira, 2, constata queda de 13,08% no n\u00famero de autua\u00e7\u00f5es registrado em 2017, em compara\u00e7\u00e3o a 2016. Em n\u00fameros absolutos, a redu\u00e7\u00e3o representa 12.727 registros de infra\u00e7\u00e3o. Comparativamente, em 2017 foram 84.552 autua\u00e7\u00f5es, contra 97.279 em 2016. Os [&hellip;]<\/p>\n","protected":false},"author":96,"featured_media":88523,"comment_status":"closed","ping_status":"closed","sticky":false,"template":"","format":"standard","meta":{"footnotes":""},"categories":[253],"tags":[],"class_list":["post-88524","post","type-post","status-publish","format-standard","has-post-thumbnail","hentry","category-cidade"],"_links":{"self":[{"href":"https:\/\/diarioregionaldigital.com.br\/index.php?rest_route=\/wp\/v2\/posts\/88524","targetHints":{"allow":["GET"]}}],"collection":[{"href":"https:\/\/diarioregionaldigital.com.br\/index.php?rest_route=\/wp\/v2\/posts"}],"about":[{"href":"https:\/\/diarioregionaldigital.com.br\/index.php?rest_route=\/wp\/v2\/types\/post"}],"author":[{"embeddable":true,"href":"https:\/\/diarioregionaldigital.com.br\/index.php?rest_route=\/wp\/v2\/users\/96"}],"replies":[{"embeddable":true,"href":"https:\/\/diarioregionaldigital.com.br\/index.php?rest_route=%2Fwp%2Fv2%2Fcomments&post=88524"}],"version-history":[{"count":0,"href":"https:\/\/diarioregionaldigital.com.br\/index.php?rest_route=\/wp\/v2\/posts\/88524\/revisions"}],"wp:featuredmedia":[{"embeddable":true,"href":"https:\/\/diarioregionaldigital.com.br\/index.php?rest_route=\/wp\/v2\/media\/88523"}],"wp:attachment":[{"href":"https:\/\/diarioregionaldigital.com.br\/index.php?rest_route=%2Fwp%2Fv2%2Fmedia&parent=88524"}],"wp:term":[{"taxonomy":"category","embeddable":true,"href":"https:\/\/diarioregionaldigital.com.br\/index.php?rest_route=%2Fwp%2Fv2%2Fcategories&post=88524"},{"taxonomy":"post_tag","embeddable":true,"href":"https:\/\/diarioregionaldigital.com.br\/index.php?rest_route=%2Fwp%2Fv2%2Ftags&post=88524"}],"curies":[{"name":"wp","href":"https:\/\/api.w.org\/{rel}","templated":true}]}}