{"id":88520,"date":"2018-01-02T19:01:40","date_gmt":"2018-01-02T21:01:40","guid":{"rendered":"http:\/\/diarioregionaljf.com.br\/2018\/01\/02\/ufmg-oferece-mais-de-50-vagas-para-tecnico-administrativo\/"},"modified":"2018-01-02T19:01:40","modified_gmt":"2018-01-02T21:01:40","slug":"ufmg-oferece-mais-de-50-vagas-para-tecnico-administrativo","status":"publish","type":"post","link":"https:\/\/diarioregionaldigital.com.br\/?p=88520","title":{"rendered":"UFMG oferece mais de 50 vagas para T\u00e9cnico Administrativo"},"content":{"rendered":"<p>A Universidade Federal de Minas Gerais (UFMG) anunciou a abertura de concurso p\u00fablico (<a href=\"file:\/\/\/C:\/Users\/hamaral\/Downloads\/EDITAL+683+-+DOU+22.12.2017.pdf\" target=\"_blank\" rel=\"noopener noreferrer\">Edital N\u00ba683\/2017<\/a>) para contrata\u00e7\u00e3o de 56 t\u00e9cnicos administrativos em educa\u00e7\u00e3o. Do total de vagas, seis s\u00e3o reservadas \u00e0 pessoas negras e tr\u00eas \u00e0 portadores de defici\u00eancia. Os sal\u00e1rios podem chegar \u00e0 R$4.180,66, com jornadas de trabalho de at\u00e9 40 horas semanais.<\/p>\n<p>As oportunidades s\u00e3o para os cargos de Analista de Tecnologia da Informa\u00e7\u00e3o, Arquiteto\/Urbanista, Assistente Social, Bibliotec\u00e1rio-documentalista, Enfermeiro, Jornalista, Nutricionista, Pedagogo, Psic\u00f3logo, Qu\u00edmico, Terapeuta Ocupacional, T\u00e9cnico de Laborat\u00f3rio, T\u00e9cnico em Agropecu\u00e1ria, T\u00e9cnico em Anatomia\/Necropsia, T\u00e9cnico em Arquivo, T\u00e9cnico em Artes Gr\u00e1ficas, T\u00e9cnico em Audiovisual, T\u00e9cnico em Eletromec\u00e2nica, T\u00e9cnico em Eletricidade, T\u00e9cnico em Mec\u00e2nica, T\u00e9cnico em Telefonia, Auxiliar em Administra\u00e7\u00e3o, Contramestre-Of\u00edcio, Sonoplasta e Operador de M\u00e1quinas Agr\u00edcolas.<\/p>\n<p>&nbsp;<\/p>\n<h4>INSCRI\u00c7\u00d5ES<\/h4>\n<p>Os interessados podem se inscrever entre os dias 19 de fevereiro e 12 de mar\u00e7o de 2018, no <a href=\"https:\/\/www2.ufmg.br\/concursos\" target=\"_blank\" rel=\"noopener noreferrer\">site da UFMG<\/a>. As taxas de inscri\u00e7\u00e3o ser\u00e3o de R$80, R$90 e R$135, de acordo com o cargo pretendido.<\/p>\n<p>O concurso ser\u00e1 composto de prova objetiva (para todos cargos) e prova pr\u00e1tica (para os candidatos a T\u00e9cnico em Audiovisual, T\u00e9cnico em Artes Gr\u00e1ficas, T\u00e9cnico em Mec\u00e2nica e Operador de M\u00e1quinas Agr\u00edcolas). As provas objetivas ser\u00e3o compostas de 45 quest\u00f5es de m\u00faltipla escolha &#8211; exceto para a vaga de Operador de M\u00e1quinas Agr\u00edcolas, cuja prova ter\u00e1 15 quest\u00f5es &#8211; e est\u00e3o previstas para o dia 22 de abril de 2018, em Belo Horizonte.<\/p>\n<p>&nbsp;<\/p>\n","protected":false},"excerpt":{"rendered":"<p>A Universidade Federal de Minas Gerais (UFMG) anunciou a abertura de concurso p\u00fablico (Edital N\u00ba683\/2017) para contrata\u00e7\u00e3o de 56 t\u00e9cnicos administrativos em educa\u00e7\u00e3o. Do total de vagas, seis s\u00e3o reservadas \u00e0 pessoas negras e tr\u00eas \u00e0 portadores de defici\u00eancia. Os sal\u00e1rios podem chegar \u00e0 R$4.180,66, com jornadas de trabalho de at\u00e9 40 horas semanais. As [&hellip;]<\/p>\n","protected":false},"author":96,"featured_media":88519,"comment_status":"closed","ping_status":"closed","sticky":false,"template":"","format":"standard","meta":{"footnotes":""},"categories":[280],"tags":[],"class_list":["post-88520","post","type-post","status-publish","format-standard","has-post-thumbnail","hentry","category-concurso"],"_links":{"self":[{"href":"https:\/\/diarioregionaldigital.com.br\/index.php?rest_route=\/wp\/v2\/posts\/88520","targetHints":{"allow":["GET"]}}],"collection":[{"href":"https:\/\/diarioregionaldigital.com.br\/index.php?rest_route=\/wp\/v2\/posts"}],"about":[{"href":"https:\/\/diarioregionaldigital.com.br\/index.php?rest_route=\/wp\/v2\/types\/post"}],"author":[{"embeddable":true,"href":"https:\/\/diarioregionaldigital.com.br\/index.php?rest_route=\/wp\/v2\/users\/96"}],"replies":[{"embeddable":true,"href":"https:\/\/diarioregionaldigital.com.br\/index.php?rest_route=%2Fwp%2Fv2%2Fcomments&post=88520"}],"version-history":[{"count":0,"href":"https:\/\/diarioregionaldigital.com.br\/index.php?rest_route=\/wp\/v2\/posts\/88520\/revisions"}],"wp:featuredmedia":[{"embeddable":true,"href":"https:\/\/diarioregionaldigital.com.br\/index.php?rest_route=\/wp\/v2\/media\/88519"}],"wp:attachment":[{"href":"https:\/\/diarioregionaldigital.com.br\/index.php?rest_route=%2Fwp%2Fv2%2Fmedia&parent=88520"}],"wp:term":[{"taxonomy":"category","embeddable":true,"href":"https:\/\/diarioregionaldigital.com.br\/index.php?rest_route=%2Fwp%2Fv2%2Fcategories&post=88520"},{"taxonomy":"post_tag","embeddable":true,"href":"https:\/\/diarioregionaldigital.com.br\/index.php?rest_route=%2Fwp%2Fv2%2Ftags&post=88520"}],"curies":[{"name":"wp","href":"https:\/\/api.w.org\/{rel}","templated":true}]}}