{"id":88518,"date":"2018-01-02T18:40:09","date_gmt":"2018-01-02T20:40:09","guid":{"rendered":"http:\/\/diarioregionaljf.com.br\/2018\/01\/02\/proposta-preve-pena-de-ate-tres-anos-de-prisao-para-pichacao-de-monumento-tombado\/"},"modified":"2018-01-02T18:40:09","modified_gmt":"2018-01-02T20:40:09","slug":"proposta-preve-pena-de-ate-tres-anos-de-prisao-para-pichacao-de-monumento-tombado","status":"publish","type":"post","link":"https:\/\/diarioregionaldigital.com.br\/?p=88518","title":{"rendered":"Proposta prev\u00ea pena de at\u00e9 tr\u00eas anos de pris\u00e3o para picha\u00e7\u00e3o de monumento tombado"},"content":{"rendered":"<p>A C\u00e2mara analisa proposta prevendo que quem pichar ou depredar monumentos tombados poder\u00e1 pegar de um a tr\u00eas anos de pris\u00e3o, mais multa. O texto (PL 8349\/17) \u00e9 de autoria do senador Antonio Anastasia (PSDB-MG).<\/p>\n<p>Atualmente, a Lei de Crimes Ambientais (Lei 9.605\/98) fixa a deten\u00e7\u00e3o de seis meses a um ano, mais multa, como pena para o crime de picha\u00e7\u00e3o e conspurca\u00e7\u00e3o de monumentos tombados em virtude de seu valor hist\u00f3rico, art\u00edstico ou arqueol\u00f3gico.<\/p>\n<p>A proposta de Anastasia pune a viola\u00e7\u00e3o do patrim\u00f4nio hist\u00f3rico e cultural com a pena j\u00e1 estabelecida pela Lei de Crimes Ambientais para o ato de destruir, inutilizar ou deteriorar bem especialmente protegido por lei, ato administrativo ou decis\u00e3o judicial.<\/p>\n<p>&nbsp;<\/p>\n<h4>TRAMITA\u00c7\u00c3O<\/h4>\n<p>O texto ser\u00e1 analisado pelas comiss\u00f5es de Meio Ambiente e Desenvolvimento Sustent\u00e1vel; e de Constitui\u00e7\u00e3o e Justi\u00e7a e de Cidadania. Depois, seguir\u00e1 para vota\u00e7\u00e3o em Plen\u00e1rio.<\/p>\n<p>Fonte: Ag\u00eancia C\u00e2mara Not\u00edcias<\/p>\n","protected":false},"excerpt":{"rendered":"<p>A C\u00e2mara analisa proposta prevendo que quem pichar ou depredar monumentos tombados poder\u00e1 pegar de um a tr\u00eas anos de pris\u00e3o, mais multa. O texto (PL 8349\/17) \u00e9 de autoria do senador Antonio Anastasia (PSDB-MG). Atualmente, a Lei de Crimes Ambientais (Lei 9.605\/98) fixa a deten\u00e7\u00e3o de seis meses a um ano, mais multa, como [&hellip;]<\/p>\n","protected":false},"author":96,"featured_media":88517,"comment_status":"closed","ping_status":"closed","sticky":false,"template":"","format":"standard","meta":{"footnotes":""},"categories":[254],"tags":[],"class_list":["post-88518","post","type-post","status-publish","format-standard","has-post-thumbnail","hentry","category-politica"],"_links":{"self":[{"href":"https:\/\/diarioregionaldigital.com.br\/index.php?rest_route=\/wp\/v2\/posts\/88518","targetHints":{"allow":["GET"]}}],"collection":[{"href":"https:\/\/diarioregionaldigital.com.br\/index.php?rest_route=\/wp\/v2\/posts"}],"about":[{"href":"https:\/\/diarioregionaldigital.com.br\/index.php?rest_route=\/wp\/v2\/types\/post"}],"author":[{"embeddable":true,"href":"https:\/\/diarioregionaldigital.com.br\/index.php?rest_route=\/wp\/v2\/users\/96"}],"replies":[{"embeddable":true,"href":"https:\/\/diarioregionaldigital.com.br\/index.php?rest_route=%2Fwp%2Fv2%2Fcomments&post=88518"}],"version-history":[{"count":0,"href":"https:\/\/diarioregionaldigital.com.br\/index.php?rest_route=\/wp\/v2\/posts\/88518\/revisions"}],"wp:featuredmedia":[{"embeddable":true,"href":"https:\/\/diarioregionaldigital.com.br\/index.php?rest_route=\/wp\/v2\/media\/88517"}],"wp:attachment":[{"href":"https:\/\/diarioregionaldigital.com.br\/index.php?rest_route=%2Fwp%2Fv2%2Fmedia&parent=88518"}],"wp:term":[{"taxonomy":"category","embeddable":true,"href":"https:\/\/diarioregionaldigital.com.br\/index.php?rest_route=%2Fwp%2Fv2%2Fcategories&post=88518"},{"taxonomy":"post_tag","embeddable":true,"href":"https:\/\/diarioregionaldigital.com.br\/index.php?rest_route=%2Fwp%2Fv2%2Ftags&post=88518"}],"curies":[{"name":"wp","href":"https:\/\/api.w.org\/{rel}","templated":true}]}}