{"id":88516,"date":"2018-01-02T18:34:37","date_gmt":"2018-01-02T20:34:37","guid":{"rendered":"http:\/\/diarioregionaljf.com.br\/2018\/01\/02\/numero-da-carteira-de-identidade-podera-ser-unificado-nacionalmente\/"},"modified":"2018-01-02T18:34:37","modified_gmt":"2018-01-02T20:34:37","slug":"numero-da-carteira-de-identidade-podera-ser-unificado-nacionalmente","status":"publish","type":"post","link":"https:\/\/diarioregionaldigital.com.br\/?p=88516","title":{"rendered":"N\u00famero da carteira de identidade poder\u00e1 ser unificado nacionalmente"},"content":{"rendered":"<p>O n\u00famero da carteira de identidade poder\u00e1 ser unificado em todo o territ\u00f3rio nacional. O projeto que trata do assunto est\u00e1 aguardando a designa\u00e7\u00e3o de relator na Comiss\u00e3o de Constitui\u00e7\u00e3o, Justi\u00e7a e Cidadania (CCJ).<\/p>\n<p>Autora da proposta (PLC 172\/2017), a deputada licenciada Tia Eron (PRB-BA) diz que objetivo \u00e9 impedir que o cidad\u00e3o possa tirar diversos documentos de identidade, em estados diferentes, com v\u00e1rios n\u00fameros. Ela argumenta que a possibilidade de uma pessoa ter diversas identidades facilita o uso do documento de forma fraudulenta, para prejudicar direitos de terceiros ou at\u00e9 mesmo para encobrir a pr\u00e1tica de crime.<\/p>\n<p>De acordo com a autora, com a tecnologia dispon\u00edvel atualmente e com o uso de banco de dados que permita a integra\u00e7\u00e3o entre os diversos \u00f3rg\u00e3os de identifica\u00e7\u00e3o respons\u00e1veis pela emiss\u00e3o dos documentos de identidade, ser\u00e1 poss\u00edvel manter o mesmo n\u00famero em qualquer estado. Desse modo, se uma pessoa se mudar para outro estado e necessitar tirar novo documento de identidade, o n\u00famero original ser\u00e1 mantido, de forma a evitar a pluralidade de carteiras de identidade para a mesma pessoa.<\/p>\n<p>Tia Eron acrescenta que essa medida tamb\u00e9m facilitar\u00e1 a vida do cidad\u00e3o, que ter\u00e1 apenas um n\u00famero para memorizar e utilizar nos neg\u00f3cios jur\u00eddicos por ele praticados. Para a deputada, o projeto vai trazer mais comodidade para o cidad\u00e3o e mais seguran\u00e7a para as rela\u00e7\u00f5es jur\u00eddicas.<\/p>\n<p>Fonte: Ag\u00eancia Senado<\/p>\n","protected":false},"excerpt":{"rendered":"<p>O n\u00famero da carteira de identidade poder\u00e1 ser unificado em todo o territ\u00f3rio nacional. O projeto que trata do assunto est\u00e1 aguardando a designa\u00e7\u00e3o de relator na Comiss\u00e3o de Constitui\u00e7\u00e3o, Justi\u00e7a e Cidadania (CCJ). Autora da proposta (PLC 172\/2017), a deputada licenciada Tia Eron (PRB-BA) diz que objetivo \u00e9 impedir que o cidad\u00e3o possa tirar [&hellip;]<\/p>\n","protected":false},"author":96,"featured_media":88515,"comment_status":"closed","ping_status":"closed","sticky":false,"template":"","format":"standard","meta":{"footnotes":""},"categories":[254],"tags":[],"class_list":["post-88516","post","type-post","status-publish","format-standard","has-post-thumbnail","hentry","category-politica"],"_links":{"self":[{"href":"https:\/\/diarioregionaldigital.com.br\/index.php?rest_route=\/wp\/v2\/posts\/88516","targetHints":{"allow":["GET"]}}],"collection":[{"href":"https:\/\/diarioregionaldigital.com.br\/index.php?rest_route=\/wp\/v2\/posts"}],"about":[{"href":"https:\/\/diarioregionaldigital.com.br\/index.php?rest_route=\/wp\/v2\/types\/post"}],"author":[{"embeddable":true,"href":"https:\/\/diarioregionaldigital.com.br\/index.php?rest_route=\/wp\/v2\/users\/96"}],"replies":[{"embeddable":true,"href":"https:\/\/diarioregionaldigital.com.br\/index.php?rest_route=%2Fwp%2Fv2%2Fcomments&post=88516"}],"version-history":[{"count":0,"href":"https:\/\/diarioregionaldigital.com.br\/index.php?rest_route=\/wp\/v2\/posts\/88516\/revisions"}],"wp:featuredmedia":[{"embeddable":true,"href":"https:\/\/diarioregionaldigital.com.br\/index.php?rest_route=\/wp\/v2\/media\/88515"}],"wp:attachment":[{"href":"https:\/\/diarioregionaldigital.com.br\/index.php?rest_route=%2Fwp%2Fv2%2Fmedia&parent=88516"}],"wp:term":[{"taxonomy":"category","embeddable":true,"href":"https:\/\/diarioregionaldigital.com.br\/index.php?rest_route=%2Fwp%2Fv2%2Fcategories&post=88516"},{"taxonomy":"post_tag","embeddable":true,"href":"https:\/\/diarioregionaldigital.com.br\/index.php?rest_route=%2Fwp%2Fv2%2Ftags&post=88516"}],"curies":[{"name":"wp","href":"https:\/\/api.w.org\/{rel}","templated":true}]}}