{"id":88514,"date":"2018-01-02T18:29:38","date_gmt":"2018-01-02T20:29:38","guid":{"rendered":"http:\/\/diarioregionaljf.com.br\/2018\/01\/02\/projeto-destina-vagas-em-cursos-do-sistema-s-a-mulheres-vitimas-de-violencia\/"},"modified":"2018-01-02T18:29:38","modified_gmt":"2018-01-02T20:29:38","slug":"projeto-destina-vagas-em-cursos-do-sistema-s-a-mulheres-vitimas-de-violencia","status":"publish","type":"post","link":"https:\/\/diarioregionaldigital.com.br\/?p=88514","title":{"rendered":"Projeto destina vagas em cursos do Sistema S a mulheres v\u00edtimas de viol\u00eancia"},"content":{"rendered":"<p>No retorno das atividades legislativas, os integrantes da Comiss\u00e3o de Constitui\u00e7\u00e3o, Justi\u00e7a e Cidadania (CCJ) devem analisar proposta que reserva vagas, sem custos, nos cursos dos Servi\u00e7os Nacionais de Aprendizagem para as mulheres em situa\u00e7\u00e3o de viol\u00eancia dom\u00e9stica e familiar. O PLS 233\/2013, do senador Ata\u00eddes Oliveira (PSDB-TO), \u00e9 terminativo na comiss\u00e3o.<\/p>\n<p>Para Ata\u00eddes, a iniciativa \u00e9 essencial para proporcionar independ\u00eancia financeira \u00e0 mulher agredida, garantindo que ela tenha meios para prover a si, e a seus filhos, sem a necessidade de continuar convivendo com o agressor. Segundo o senador, esses 5% de vagas para a qualifica\u00e7\u00e3o de mulheres representam praticamente nada, financeiramente falando, para o Sistema S.<\/p>\n<p>De acordo com o projeto, 5% das vagas oferecidas pelo Servi\u00e7o Nacional de Aprendizagem Industrial (Senai), Servi\u00e7o Nacional de Aprendizagem Comercial (Senac), Servi\u00e7o Nacional de Aprendizagem Rural (Senar), Servi\u00e7o Nacional de Aprendizagem do Transporte (Senat) e Servi\u00e7o Nacional de Aprendizagem do Cooperativismo (Sescoop) devem ser destinadas a mulheres nessa situa\u00e7\u00e3o, gratuitamente.Tamb\u00e9m ser\u00e1 reservado o mesmo percentual de vagas dos cursos do Servi\u00e7o Brasileiro de Apoio \u00e0s Micro e Pequenas Empresas (Sebrae).<\/p>\n<p>As entidades precisar\u00e3o comunicar semestralmente ao Tribunal de Contas da Uni\u00e3o (TCU) e aos Minist\u00e9rios do Trabalho e Emprego, da Educa\u00e7\u00e3o e da Justi\u00e7a e Cidadania o total de mulheres atendidas. Este \u00faltimo foi inclu\u00eddo ao projeto por emenda da relatora na CCJ, senadora Simone Tebet (PMDB-MS), j\u00e1 que a pasta abriga em sua estrutura as secretarias respons\u00e1veis pelas pol\u00edticas p\u00fablicas de prote\u00e7\u00e3o \u00e0s mulheres e dos direitos humanos.<\/p>\n<p>Outra altera\u00e7\u00e3o proposta pela senadora foi a que deixa expl\u00edcita a compet\u00eancia do Poder Judici\u00e1rio para encaminhar as mulheres em situa\u00e7\u00e3o de viol\u00eancia dom\u00e9stica aos cursos de que trata a lei a ser aprovada, por ato de of\u00edcio ou atendendo a requerimento da Defensoria P\u00fablica ou do Minist\u00e9rio P\u00fablico.<\/p>\n<p>Na vis\u00e3o de Simone, o projeto, ao determinar a reserva de vagas desses cursos \u00e0s mulheres em situa\u00e7\u00e3o de vulnerabilidade que sejam v\u00edtimas de viol\u00eancia dom\u00e9stica, promove a emancipa\u00e7\u00e3o da mulher em face de seu agressor, que muitas vezes se aproveita da situa\u00e7\u00e3o de depend\u00eancia econ\u00f4mica da v\u00edtima como forma de domina\u00e7\u00e3o.<\/p>\n<p>Fonte: Ag\u00eancia Senado<\/p>\n","protected":false},"excerpt":{"rendered":"<p>No retorno das atividades legislativas, os integrantes da Comiss\u00e3o de Constitui\u00e7\u00e3o, Justi\u00e7a e Cidadania (CCJ) devem analisar proposta que reserva vagas, sem custos, nos cursos dos Servi\u00e7os Nacionais de Aprendizagem para as mulheres em situa\u00e7\u00e3o de viol\u00eancia dom\u00e9stica e familiar. O PLS 233\/2013, do senador Ata\u00eddes Oliveira (PSDB-TO), \u00e9 terminativo na comiss\u00e3o. Para Ata\u00eddes, a [&hellip;]<\/p>\n","protected":false},"author":96,"featured_media":88513,"comment_status":"closed","ping_status":"closed","sticky":false,"template":"","format":"standard","meta":{"footnotes":""},"categories":[254],"tags":[],"class_list":["post-88514","post","type-post","status-publish","format-standard","has-post-thumbnail","hentry","category-politica"],"_links":{"self":[{"href":"https:\/\/diarioregionaldigital.com.br\/index.php?rest_route=\/wp\/v2\/posts\/88514","targetHints":{"allow":["GET"]}}],"collection":[{"href":"https:\/\/diarioregionaldigital.com.br\/index.php?rest_route=\/wp\/v2\/posts"}],"about":[{"href":"https:\/\/diarioregionaldigital.com.br\/index.php?rest_route=\/wp\/v2\/types\/post"}],"author":[{"embeddable":true,"href":"https:\/\/diarioregionaldigital.com.br\/index.php?rest_route=\/wp\/v2\/users\/96"}],"replies":[{"embeddable":true,"href":"https:\/\/diarioregionaldigital.com.br\/index.php?rest_route=%2Fwp%2Fv2%2Fcomments&post=88514"}],"version-history":[{"count":0,"href":"https:\/\/diarioregionaldigital.com.br\/index.php?rest_route=\/wp\/v2\/posts\/88514\/revisions"}],"wp:featuredmedia":[{"embeddable":true,"href":"https:\/\/diarioregionaldigital.com.br\/index.php?rest_route=\/wp\/v2\/media\/88513"}],"wp:attachment":[{"href":"https:\/\/diarioregionaldigital.com.br\/index.php?rest_route=%2Fwp%2Fv2%2Fmedia&parent=88514"}],"wp:term":[{"taxonomy":"category","embeddable":true,"href":"https:\/\/diarioregionaldigital.com.br\/index.php?rest_route=%2Fwp%2Fv2%2Fcategories&post=88514"},{"taxonomy":"post_tag","embeddable":true,"href":"https:\/\/diarioregionaldigital.com.br\/index.php?rest_route=%2Fwp%2Fv2%2Ftags&post=88514"}],"curies":[{"name":"wp","href":"https:\/\/api.w.org\/{rel}","templated":true}]}}