{"id":88512,"date":"2018-01-02T18:23:46","date_gmt":"2018-01-02T20:23:46","guid":{"rendered":"http:\/\/diarioregionaljf.com.br\/2018\/01\/02\/homem-tem-fratura-no-braco-apos-ser-agredido-durante-assalto-no-nova-era\/"},"modified":"2018-01-02T18:23:46","modified_gmt":"2018-01-02T20:23:46","slug":"homem-tem-fratura-no-braco-apos-ser-agredido-durante-assalto-no-nova-era","status":"publish","type":"post","link":"https:\/\/diarioregionaldigital.com.br\/?p=88512","title":{"rendered":"Homem tem fratura no bra\u00e7o ap\u00f3s ser agredido durante assalto no Nova Era"},"content":{"rendered":"<p>Um homem de 30 anos foi assaltado por tr\u00eas indiv\u00edduos e agredido com um peda\u00e7o de madeira, no bairro Nova Era, zona Norte, na noite dessa segunda-feira, 1\u00ba. A v\u00edtima foi atendida na UPA Norte com uma fratura no bra\u00e7o e um corte no superc\u00edlio, sendo medicada e liberada.<\/p>\n<p>De acordo com o registro de ocorr\u00eancias da Pol\u00edcia Militar (PM), o homem transitava pela Rua Salvador Del Duca quando foi abordado pelo trio. Ap\u00f3s o agredirem, os assaltantes subtra\u00edram seus documentos e seu celular, fugindo em seguida.<\/p>\n<p>Ainda conforme informa\u00e7\u00f5es da PM, a v\u00edtima identificou os autores da a\u00e7\u00e3o como sendo moradores do Bairro Barbosa Lage.<\/p>\n","protected":false},"excerpt":{"rendered":"<p>Um homem de 30 anos foi assaltado por tr\u00eas indiv\u00edduos e agredido com um peda\u00e7o de madeira, no bairro Nova Era, zona Norte, na noite dessa segunda-feira, 1\u00ba. A v\u00edtima foi atendida na UPA Norte com uma fratura no bra\u00e7o e um corte no superc\u00edlio, sendo medicada e liberada. De acordo com o registro de [&hellip;]<\/p>\n","protected":false},"author":96,"featured_media":88511,"comment_status":"closed","ping_status":"closed","sticky":false,"template":"","format":"standard","meta":{"footnotes":""},"categories":[301],"tags":[],"class_list":["post-88512","post","type-post","status-publish","format-standard","has-post-thumbnail","hentry","category-artigos-policiais"],"_links":{"self":[{"href":"https:\/\/diarioregionaldigital.com.br\/index.php?rest_route=\/wp\/v2\/posts\/88512","targetHints":{"allow":["GET"]}}],"collection":[{"href":"https:\/\/diarioregionaldigital.com.br\/index.php?rest_route=\/wp\/v2\/posts"}],"about":[{"href":"https:\/\/diarioregionaldigital.com.br\/index.php?rest_route=\/wp\/v2\/types\/post"}],"author":[{"embeddable":true,"href":"https:\/\/diarioregionaldigital.com.br\/index.php?rest_route=\/wp\/v2\/users\/96"}],"replies":[{"embeddable":true,"href":"https:\/\/diarioregionaldigital.com.br\/index.php?rest_route=%2Fwp%2Fv2%2Fcomments&post=88512"}],"version-history":[{"count":0,"href":"https:\/\/diarioregionaldigital.com.br\/index.php?rest_route=\/wp\/v2\/posts\/88512\/revisions"}],"wp:featuredmedia":[{"embeddable":true,"href":"https:\/\/diarioregionaldigital.com.br\/index.php?rest_route=\/wp\/v2\/media\/88511"}],"wp:attachment":[{"href":"https:\/\/diarioregionaldigital.com.br\/index.php?rest_route=%2Fwp%2Fv2%2Fmedia&parent=88512"}],"wp:term":[{"taxonomy":"category","embeddable":true,"href":"https:\/\/diarioregionaldigital.com.br\/index.php?rest_route=%2Fwp%2Fv2%2Fcategories&post=88512"},{"taxonomy":"post_tag","embeddable":true,"href":"https:\/\/diarioregionaldigital.com.br\/index.php?rest_route=%2Fwp%2Fv2%2Ftags&post=88512"}],"curies":[{"name":"wp","href":"https:\/\/api.w.org\/{rel}","templated":true}]}}