{"id":88510,"date":"2018-01-02T18:22:16","date_gmt":"2018-01-02T20:22:16","guid":{"rendered":"http:\/\/diarioregionaljf.com.br\/2018\/01\/02\/maia-diz-que-mudar-a-previdencia-e-a-mais-importante-reforma-social-do-pais\/"},"modified":"2018-01-02T18:22:16","modified_gmt":"2018-01-02T20:22:16","slug":"maia-diz-que-mudar-a-previdencia-e-a-mais-importante-reforma-social-do-pais","status":"publish","type":"post","link":"https:\/\/diarioregionaldigital.com.br\/?p=88510","title":{"rendered":"Maia diz que mudar a Previd\u00eancia \u00e9 a \u201cmais importante reforma social do pa\u00eds\u201d"},"content":{"rendered":"<p>O presidente da C\u00e2mara, deputado Rodrigo Maia (DEM-RJ), usou nessa ter\u00e7a-feira, 2, as redes sociais para voltar a defender a aprova\u00e7\u00e3o da reforma da Previd\u00eancia. Segundo Maia, a reforma \u00e9 importante para solucionar o desequil\u00edbrio fiscal do pa\u00eds e adiar a vota\u00e7\u00e3o da proposta \u00e9 \u201cempurrar para o futuro a urg\u00eancia de uma agenda social que mude de fato a vida do brasileiro\u201d.<\/p>\n<p>Em mensagens publicadas no seu perfil no Twitter, o presidente da C\u00e2mara disse que a mudan\u00e7a nas regras da aposentadoria \u00e9 a \u201cmais importante reforma social do pa\u00eds\u201d.<\/p>\n<p>O projeto da reforma, enviado pelo governo e alterado algumas vezes no Congresso para deixar as mudan\u00e7as menos duras, est\u00e1 previsto para ser votado pelos deputados no dia 19 de fevereiro.<\/p>\n<p>\u201cH\u00e1 uma urg\u00eancia, sim, que o Brasil volte a ser um pa\u00eds seguro para atrair investimentos. Mas mais do que isso, aprovar a reforma \u00e9 a \u00fanica forma de garantirmos que o aposentado, o servidor p\u00fablico e o trabalhador jovem ir\u00e3o receber suas aposentadorias num futuro pr\u00f3ximo\u201d, escreveu Maia.<\/p>\n<p>Como se trata de uma proposta de emenda \u00e0 Constitui\u00e7\u00e3o, a reforma da Previd\u00eancia precisa ser aprovada duas vezes por 308 dos 513 deputados, antes de ser analisada no Senado, tamb\u00e9m em dois turnos.<\/p>\n<p>Fonte: Ag\u00eancia Brasil<\/p>\n","protected":false},"excerpt":{"rendered":"<p>O presidente da C\u00e2mara, deputado Rodrigo Maia (DEM-RJ), usou nessa ter\u00e7a-feira, 2, as redes sociais para voltar a defender a aprova\u00e7\u00e3o da reforma da Previd\u00eancia. Segundo Maia, a reforma \u00e9 importante para solucionar o desequil\u00edbrio fiscal do pa\u00eds e adiar a vota\u00e7\u00e3o da proposta \u00e9 \u201cempurrar para o futuro a urg\u00eancia de uma agenda social [&hellip;]<\/p>\n","protected":false},"author":96,"featured_media":88509,"comment_status":"closed","ping_status":"closed","sticky":false,"template":"","format":"standard","meta":{"footnotes":""},"categories":[254],"tags":[],"class_list":["post-88510","post","type-post","status-publish","format-standard","has-post-thumbnail","hentry","category-politica"],"_links":{"self":[{"href":"https:\/\/diarioregionaldigital.com.br\/index.php?rest_route=\/wp\/v2\/posts\/88510","targetHints":{"allow":["GET"]}}],"collection":[{"href":"https:\/\/diarioregionaldigital.com.br\/index.php?rest_route=\/wp\/v2\/posts"}],"about":[{"href":"https:\/\/diarioregionaldigital.com.br\/index.php?rest_route=\/wp\/v2\/types\/post"}],"author":[{"embeddable":true,"href":"https:\/\/diarioregionaldigital.com.br\/index.php?rest_route=\/wp\/v2\/users\/96"}],"replies":[{"embeddable":true,"href":"https:\/\/diarioregionaldigital.com.br\/index.php?rest_route=%2Fwp%2Fv2%2Fcomments&post=88510"}],"version-history":[{"count":0,"href":"https:\/\/diarioregionaldigital.com.br\/index.php?rest_route=\/wp\/v2\/posts\/88510\/revisions"}],"wp:featuredmedia":[{"embeddable":true,"href":"https:\/\/diarioregionaldigital.com.br\/index.php?rest_route=\/wp\/v2\/media\/88509"}],"wp:attachment":[{"href":"https:\/\/diarioregionaldigital.com.br\/index.php?rest_route=%2Fwp%2Fv2%2Fmedia&parent=88510"}],"wp:term":[{"taxonomy":"category","embeddable":true,"href":"https:\/\/diarioregionaldigital.com.br\/index.php?rest_route=%2Fwp%2Fv2%2Fcategories&post=88510"},{"taxonomy":"post_tag","embeddable":true,"href":"https:\/\/diarioregionaldigital.com.br\/index.php?rest_route=%2Fwp%2Fv2%2Ftags&post=88510"}],"curies":[{"name":"wp","href":"https:\/\/api.w.org\/{rel}","templated":true}]}}