{"id":88508,"date":"2018-01-02T18:15:59","date_gmt":"2018-01-02T20:15:59","guid":{"rendered":"http:\/\/diarioregionaljf.com.br\/2018\/01\/02\/pezao-diz-que-deixa-a-politica-apos-terminar-mandato-de-governador\/"},"modified":"2018-01-02T18:15:59","modified_gmt":"2018-01-02T20:15:59","slug":"pezao-diz-que-deixa-a-politica-apos-terminar-mandato-de-governador","status":"publish","type":"post","link":"https:\/\/diarioregionaldigital.com.br\/?p=88508","title":{"rendered":"Pez\u00e3o diz que deixa a pol\u00edtica ap\u00f3s terminar mandato de governador"},"content":{"rendered":"<p>O governador Luiz Fernando Pez\u00e3o anunciou que ir\u00e1 se aposentar da pol\u00edtica ao t\u00e9rmino do mandato, no fim de 2018. \u201cEu estou cansado. Estou h\u00e1 35 anos na pol\u00edtica, desde 1982 que eu disputo voto. A pol\u00edtica mudou muito. Quem gosta de trabalhar, quem gosta de entregar, est\u00e1 cada vez mais dif\u00edcil fazer. Hoje, tem muita gente para falar n\u00e3o, para fiscalizar. Se a gente n\u00e3o fizer um pacto pelo fazer, vai ficar prevalecendo muito o pacto pelo n\u00e3o fazer\u201d.<\/p>\n<p>Pez\u00e3o, que falou \u00e0 imprensa ap\u00f3s cerim\u00f4nia de libera\u00e7\u00e3o de recursos do Minist\u00e9rio da Educa\u00e7\u00e3o para escolas do Rio de Janeiro, disse n\u00e3o se arrepender de nada em sua trajet\u00f3ria. \u201cEu acho que fui longe demais, o povo e Deus foram muito generosos comigo. Eu nunca esperei chegar a governador, sai de uma cidade de 25 mil habitantes e 15 mil eleitores\u201d.<\/p>\n<p>Pez\u00e3o afirmou que vai terminar o mandato com a cabe\u00e7a erguida, deixando a economia do estado saneada. \u201cEstou encerrando o ano de 2017, que parecia um ano intranspon\u00edvel. Quando eu olhava l\u00e1 em 2016, saindo da minha doen\u00e7a e do hospital, os t\u00e9cnicos falavam que a gente ia pagar oito folhas de pagamento nesse ano. Quase que a gente pagou 12. E eu tenho certeza que, em 2018, n\u00f3s vamos colocar tudo em dia e vou sair daqui de cabe\u00e7a erguida, deixando para o meu sucessor previsibilidade. N\u00e3o vai ter arresto, n\u00e3o vai ter bloqueio, \u00e9 s\u00f3 ele continuar com os ajustes que n\u00f3s come\u00e7amos a fazer e vamos implementar mais forte ainda em 2018\u201d, garantiu.<\/p>\n<p>Quanto aos pedidos do Movimento Unificado dos Servidores P\u00fablicos do Estado do Rio de Janeiro (Muspe) para corre\u00e7\u00e3o de problemas na folha de pagamentos, feitos em reuni\u00e3o, Pez\u00e3o afirmou que s\u00f3 poder\u00e1 atender a outras quest\u00f5es ap\u00f3s colocar os sal\u00e1rios em dia, o que deve ocorrer ainda em janeiro. \u201cRapidamente, eu quero colocar os sal\u00e1rios em dia, tivemos aumento de arrecada\u00e7\u00e3o forte, j\u00e1 foram fortes nos \u00faltimos quatro meses do ano, e janeiro costuma ser bom\u201d.<\/p>\n<p>O governador chegou a pedir perd\u00e3o aos servidores pelos atrasos nos sal\u00e1rios e prometeu regularidade dos pagamentos em 2018.<\/p>\n<p>Fonte: Ag\u00eancia Brasil<\/p>\n","protected":false},"excerpt":{"rendered":"<p>O governador Luiz Fernando Pez\u00e3o anunciou que ir\u00e1 se aposentar da pol\u00edtica ao t\u00e9rmino do mandato, no fim de 2018. \u201cEu estou cansado. Estou h\u00e1 35 anos na pol\u00edtica, desde 1982 que eu disputo voto. A pol\u00edtica mudou muito. Quem gosta de trabalhar, quem gosta de entregar, est\u00e1 cada vez mais dif\u00edcil fazer. Hoje, tem [&hellip;]<\/p>\n","protected":false},"author":96,"featured_media":88507,"comment_status":"closed","ping_status":"closed","sticky":false,"template":"","format":"standard","meta":{"footnotes":""},"categories":[254],"tags":[],"class_list":["post-88508","post","type-post","status-publish","format-standard","has-post-thumbnail","hentry","category-politica"],"_links":{"self":[{"href":"https:\/\/diarioregionaldigital.com.br\/index.php?rest_route=\/wp\/v2\/posts\/88508","targetHints":{"allow":["GET"]}}],"collection":[{"href":"https:\/\/diarioregionaldigital.com.br\/index.php?rest_route=\/wp\/v2\/posts"}],"about":[{"href":"https:\/\/diarioregionaldigital.com.br\/index.php?rest_route=\/wp\/v2\/types\/post"}],"author":[{"embeddable":true,"href":"https:\/\/diarioregionaldigital.com.br\/index.php?rest_route=\/wp\/v2\/users\/96"}],"replies":[{"embeddable":true,"href":"https:\/\/diarioregionaldigital.com.br\/index.php?rest_route=%2Fwp%2Fv2%2Fcomments&post=88508"}],"version-history":[{"count":0,"href":"https:\/\/diarioregionaldigital.com.br\/index.php?rest_route=\/wp\/v2\/posts\/88508\/revisions"}],"wp:featuredmedia":[{"embeddable":true,"href":"https:\/\/diarioregionaldigital.com.br\/index.php?rest_route=\/wp\/v2\/media\/88507"}],"wp:attachment":[{"href":"https:\/\/diarioregionaldigital.com.br\/index.php?rest_route=%2Fwp%2Fv2%2Fmedia&parent=88508"}],"wp:term":[{"taxonomy":"category","embeddable":true,"href":"https:\/\/diarioregionaldigital.com.br\/index.php?rest_route=%2Fwp%2Fv2%2Fcategories&post=88508"},{"taxonomy":"post_tag","embeddable":true,"href":"https:\/\/diarioregionaldigital.com.br\/index.php?rest_route=%2Fwp%2Fv2%2Ftags&post=88508"}],"curies":[{"name":"wp","href":"https:\/\/api.w.org\/{rel}","templated":true}]}}