{"id":88506,"date":"2018-01-02T18:08:38","date_gmt":"2018-01-02T20:08:38","guid":{"rendered":"http:\/\/diarioregionaljf.com.br\/2018\/01\/02\/corpo-carbonizado-e-encontrado-em-lima-duarte\/"},"modified":"2018-01-02T18:08:38","modified_gmt":"2018-01-02T20:08:38","slug":"corpo-carbonizado-e-encontrado-em-lima-duarte","status":"publish","type":"post","link":"https:\/\/diarioregionaldigital.com.br\/?p=88506","title":{"rendered":"Corpo carbonizado \u00e9 encontrado em Lima Duarte"},"content":{"rendered":"<p>Segue sem identifica\u00e7\u00e3o, no Instituto M\u00e9dico Legal (IML) de Juiz de Fora, o corpo de um homem, encontrado carbonizado no munic\u00edpio de Lima Duarte ( a cerca de 63 KM de JF), nessa segunda-feira, 1\u00ba.<\/p>\n<p>De acordo com informa\u00e7\u00f5es da Pol\u00edcia Civil (PC), o homem tem uma tatuagem colorida no bra\u00e7o esquerdo, cabelo curto e olhos castanhos claros. A PC pede que, quem souber de informa\u00e7\u00f5es que possam ajudar na identifica\u00e7\u00e3o do mesmo, compare\u00e7a ao IML (Rua Professora Carolina Coelho, pr\u00f3ximo ao n\u00ba250, Bairro Granbery).<\/p>\n","protected":false},"excerpt":{"rendered":"<p>Segue sem identifica\u00e7\u00e3o, no Instituto M\u00e9dico Legal (IML) de Juiz de Fora, o corpo de um homem, encontrado carbonizado no munic\u00edpio de Lima Duarte ( a cerca de 63 KM de JF), nessa segunda-feira, 1\u00ba. De acordo com informa\u00e7\u00f5es da Pol\u00edcia Civil (PC), o homem tem uma tatuagem colorida no bra\u00e7o esquerdo, cabelo curto e [&hellip;]<\/p>\n","protected":false},"author":96,"featured_media":88505,"comment_status":"closed","ping_status":"closed","sticky":false,"template":"","format":"standard","meta":{"footnotes":""},"categories":[252],"tags":[],"class_list":["post-88506","post","type-post","status-publish","format-standard","has-post-thumbnail","hentry","category-regiao"],"_links":{"self":[{"href":"https:\/\/diarioregionaldigital.com.br\/index.php?rest_route=\/wp\/v2\/posts\/88506","targetHints":{"allow":["GET"]}}],"collection":[{"href":"https:\/\/diarioregionaldigital.com.br\/index.php?rest_route=\/wp\/v2\/posts"}],"about":[{"href":"https:\/\/diarioregionaldigital.com.br\/index.php?rest_route=\/wp\/v2\/types\/post"}],"author":[{"embeddable":true,"href":"https:\/\/diarioregionaldigital.com.br\/index.php?rest_route=\/wp\/v2\/users\/96"}],"replies":[{"embeddable":true,"href":"https:\/\/diarioregionaldigital.com.br\/index.php?rest_route=%2Fwp%2Fv2%2Fcomments&post=88506"}],"version-history":[{"count":0,"href":"https:\/\/diarioregionaldigital.com.br\/index.php?rest_route=\/wp\/v2\/posts\/88506\/revisions"}],"wp:featuredmedia":[{"embeddable":true,"href":"https:\/\/diarioregionaldigital.com.br\/index.php?rest_route=\/wp\/v2\/media\/88505"}],"wp:attachment":[{"href":"https:\/\/diarioregionaldigital.com.br\/index.php?rest_route=%2Fwp%2Fv2%2Fmedia&parent=88506"}],"wp:term":[{"taxonomy":"category","embeddable":true,"href":"https:\/\/diarioregionaldigital.com.br\/index.php?rest_route=%2Fwp%2Fv2%2Fcategories&post=88506"},{"taxonomy":"post_tag","embeddable":true,"href":"https:\/\/diarioregionaldigital.com.br\/index.php?rest_route=%2Fwp%2Fv2%2Ftags&post=88506"}],"curies":[{"name":"wp","href":"https:\/\/api.w.org\/{rel}","templated":true}]}}