{"id":88502,"date":"2018-01-02T17:56:44","date_gmt":"2018-01-02T19:56:44","guid":{"rendered":"http:\/\/diarioregionaljf.com.br\/2018\/01\/02\/documento-para-pagamento-de-iptu-com-desconto-de-11-ja-pode-ser-emitido\/"},"modified":"2018-01-02T17:56:44","modified_gmt":"2018-01-02T19:56:44","slug":"documento-para-pagamento-de-iptu-com-desconto-de-11-ja-pode-ser-emitido","status":"publish","type":"post","link":"https:\/\/diarioregionaldigital.com.br\/?p=88502","title":{"rendered":"Documento para pagamento de IPTU com desconto de 11% j\u00e1 pode ser emitido"},"content":{"rendered":"<p>J\u00e1 est\u00e1 dispon\u00edvel no site da Prefeitura de Juiz de Fora (PJF) o link de acesso ao Documento de Arrecada\u00e7\u00e3o Municipal (DAM) para pagamento \u00e0 vista, com desconto de 11%, do Imposto Predial e Territorial Urbano (IPTU) 2018. Para emit\u00ed-lo, o contribuinte deve ter em m\u00e3os o n\u00famero da inscri\u00e7\u00e3o imobili\u00e1ria e acessar o banner referente ao IPTU 2018, dispon\u00edvel no <a href=\"http:\/\/tributos.pjf.mg.gov.br\/iptu\/\" target=\"_blank\" rel=\"noopener noreferrer\">site<\/a>. At\u00e9 \u00e0s 11h20 da manh\u00e3 desta ter\u00e7a-feira, 2, mais de 12.250 boletos j\u00e1 haviam sido gerados.<\/p>\n<p>As guias tamb\u00e9m podem ser emitidas no Espa\u00e7o Cidad\u00e3o, que fica no Parque Halfeld, ou nas unidades regionais (veja endere\u00e7os abaixo). Entretanto, a Secretaria da Fazenda alerta que o contribuinte que n\u00e3o quiser enfrentar filas, pode fazer a emiss\u00e3o diretamente na p\u00e1gina da PJF na internet. O desconto de 11% para pagamento \u00e0 vista \u00e9 garantido at\u00e9 a pr\u00f3xima sexta-feira, 5.<\/p>\n<p>Al\u00e9m desta forma de pagamento, o IPTU 2018 poder\u00e1 ser pago \u00e0 vista, por todos os contribuintes, at\u00e9 20 de fevereiro. Neste caso, haver\u00e1 redu\u00e7\u00e3o de 6% no valor total. Para quem optar pelo pagamento parcelado em dez vezes, o vencimento ser\u00e1 sempre no dia 10 de cada m\u00eas, a partir de mar\u00e7o.<\/p>\n<p>Quem n\u00e3o tiver o n\u00famero da inscri\u00e7\u00e3o imobili\u00e1ria, dever\u00e1 procurar o Departamento de Cadastro Imobili\u00e1rio (Decim) da Secretaria de Atividades Urbanas (SAU), que fica na Avenida Bar\u00e3o do Rio Branco, n\u00ba 1.843 (pr\u00e9dio da Cesama &#8211; 1\u00ba andar), no Centro, das 8h30 \u00e0s 17h30, munido de documento referente ao im\u00f3vel.<\/p>\n<p>&nbsp;<\/p>\n<h4>ENDERE\u00c7OS<\/h4>\n<p>&nbsp;<\/p>\n<p>&#8211; <strong>Espa\u00e7o Cidad\u00e3o JF<\/strong>: Avenida Bar\u00e3o do Rio Branco, n\u00ba2.234 &#8211; Centro, ao lado do Parque Halfeld;<\/p>\n<p>&#8211; <strong>Centro Regional Sul<\/strong>: Rua Porto das Flores, n\u00ba270 &#8211; Bairro Santa Luzia;<\/p>\n<p>&#8211; <strong>Centro Regional Norte<\/strong>: Rua In\u00eas Garcia, n\u00b0357 &#8211; Benfica;<\/p>\n<p>&#8211; <strong>Centro Regional Oeste<\/strong>: Rua Orestes Fabiano Alves, n\u00ba65 &#8211; S\u00e3o Pedro;<\/p>\n<p>&#8211; <strong>Centro Regional Nordeste<\/strong>: Rua Santa Terezinha, n\u00ba172 &#8211; Santa Terezinha.<\/p>\n<p>&nbsp;<\/p>\n<p>Fonte: Assessoria<\/p>\n","protected":false},"excerpt":{"rendered":"<p>J\u00e1 est\u00e1 dispon\u00edvel no site da Prefeitura de Juiz de Fora (PJF) o link de acesso ao Documento de Arrecada\u00e7\u00e3o Municipal (DAM) para pagamento \u00e0 vista, com desconto de 11%, do Imposto Predial e Territorial Urbano (IPTU) 2018. Para emit\u00ed-lo, o contribuinte deve ter em m\u00e3os o n\u00famero da inscri\u00e7\u00e3o imobili\u00e1ria e acessar o banner [&hellip;]<\/p>\n","protected":false},"author":96,"featured_media":88501,"comment_status":"closed","ping_status":"closed","sticky":false,"template":"","format":"standard","meta":{"footnotes":""},"categories":[262],"tags":[],"class_list":["post-88502","post","type-post","status-publish","format-standard","has-post-thumbnail","hentry","category-noticias"],"_links":{"self":[{"href":"https:\/\/diarioregionaldigital.com.br\/index.php?rest_route=\/wp\/v2\/posts\/88502","targetHints":{"allow":["GET"]}}],"collection":[{"href":"https:\/\/diarioregionaldigital.com.br\/index.php?rest_route=\/wp\/v2\/posts"}],"about":[{"href":"https:\/\/diarioregionaldigital.com.br\/index.php?rest_route=\/wp\/v2\/types\/post"}],"author":[{"embeddable":true,"href":"https:\/\/diarioregionaldigital.com.br\/index.php?rest_route=\/wp\/v2\/users\/96"}],"replies":[{"embeddable":true,"href":"https:\/\/diarioregionaldigital.com.br\/index.php?rest_route=%2Fwp%2Fv2%2Fcomments&post=88502"}],"version-history":[{"count":0,"href":"https:\/\/diarioregionaldigital.com.br\/index.php?rest_route=\/wp\/v2\/posts\/88502\/revisions"}],"wp:featuredmedia":[{"embeddable":true,"href":"https:\/\/diarioregionaldigital.com.br\/index.php?rest_route=\/wp\/v2\/media\/88501"}],"wp:attachment":[{"href":"https:\/\/diarioregionaldigital.com.br\/index.php?rest_route=%2Fwp%2Fv2%2Fmedia&parent=88502"}],"wp:term":[{"taxonomy":"category","embeddable":true,"href":"https:\/\/diarioregionaldigital.com.br\/index.php?rest_route=%2Fwp%2Fv2%2Fcategories&post=88502"},{"taxonomy":"post_tag","embeddable":true,"href":"https:\/\/diarioregionaldigital.com.br\/index.php?rest_route=%2Fwp%2Fv2%2Ftags&post=88502"}],"curies":[{"name":"wp","href":"https:\/\/api.w.org\/{rel}","templated":true}]}}