{"id":88498,"date":"2018-01-02T17:37:51","date_gmt":"2018-01-02T19:37:51","guid":{"rendered":"http:\/\/diarioregionaljf.com.br\/2018\/01\/02\/rebeliao-em-presidio-de-goias-tem-9-mortos-e-99-foragidos\/"},"modified":"2018-01-02T17:37:51","modified_gmt":"2018-01-02T19:37:51","slug":"rebeliao-em-presidio-de-goias-tem-9-mortos-e-99-foragidos","status":"publish","type":"post","link":"https:\/\/diarioregionaldigital.com.br\/?p=88498","title":{"rendered":"Rebeli\u00e3o em pres\u00eddio de Goi\u00e1s tem 9 mortos e 99 foragidos"},"content":{"rendered":"<p>As for\u00e7as de seguran\u00e7a p\u00fablica de Goi\u00e1s tentam recapturar 99 presos que continuam foragidos do Complexo Prisional de Aparecida de Goi\u00e2nia, na regi\u00e3o metropolitana da capital de Goi\u00e1s, palco de uma rebeli\u00e3o em que ao menos nove detentos foram mortos e 14 ficaram feridos na \u00faltima segunda-feira, 1\u00ba de janeiro.<\/p>\n<p>Al\u00e9m de os 9 apenados mortos terem seus corpos carbonizados, dois deles foram decapitados. At\u00e9 a manh\u00e3 desta ter\u00e7a-feira, 2, 6 dos 14 feridos continuavam internados em hospitais da regi\u00e3o \u2013 um deles em uma Unidade de Terapia Intensiva (UTI). Cento e cinquenta e tr\u00eas presos tiveram que ser transferidos para outros pres\u00eddios.<\/p>\n<p>Segundo a Secretaria de Seguran\u00e7a P\u00fablica e Administra\u00e7\u00e3o Penitenci\u00e1ria de Goi\u00e1s (Seap), um n\u00famero ainda maior de condenados deixou o complexo prisional durante o tumulto. Muitos deles, no entanto, permaneceram pr\u00f3ximo ao local e retornaram voluntariamente, ap\u00f3s o Grupo de Opera\u00e7\u00f5es Penitenci\u00e1rias Especiais (Gope) retomar o controle da situa\u00e7\u00e3o com apoio do Batalh\u00e3o de Choque da Pol\u00edcia Militar.<\/p>\n<p>\u201cEles preferiram sair da unidade por uma quest\u00e3o de sobreviv\u00eancia; n\u00e3o com o intuito de fugir\u201d, disse o superintendente executivo de Administra\u00e7\u00e3o Penitenci\u00e1ria, Newton Nery de Castilho, ao explicar hoje que os 99 presos considerados foragidos e os 9 mortos ainda est\u00e3o sendo identificados.<\/p>\n<p>&#8220;Quanto aos \u00f3bitos, aguardamos a defini\u00e7\u00e3o t\u00e9cnica da Pol\u00edcia Cient\u00edfica, que tem seu pr\u00f3prio rito. J\u00e1 para a recontagem e identifica\u00e7\u00e3o nominal dos que escaparam, depend\u00edamos do cart\u00f3rio e devemos concluir isso ainda hoje&#8221;, afirmou.<\/p>\n<p>Negando que os presos fossem v\u00edtimas de maus-tratos, o superintendente garantiu que, ao contr\u00e1rio do informado por alguns parentes de presos, n\u00e3o faltaram \u00e1gua e comida para os detentos durante o fim de semana.<\/p>\n<p>&nbsp;<\/p>\n<h4>RIVALIDADE ENTRE GRUPOS CRIMINOSOS<\/h4>\n<p>\u201cN\u00e3o foi este o fator motivador [da rebeli\u00e3o]. No domingo, todo o sistema foi abastecido com a \u00e1gua de tr\u00eas caminh\u00f5es-pipa. No dia 1\u00ba, devido ao feriado, n\u00e3o houve abastecimento, mas ainda havia \u00e1gua [nas caixas]\u201d, disse Castilho, apontando que uma hip\u00f3tese para os presos da Ala C invadirem as alas A, B e D e atacarem outros detentos pode ter sido a rivalidade entre diferentes grupos criminosos.<\/p>\n<p>De acordo com Castilho, duas pistolas 9mm, um rev\u00f3lver 38 e objetos perfurocortantes foram encontrados durante uma primeira varredura no interior da unidade. O superintendente tamb\u00e9m confirmou que os presos abriram um buraco em uma das paredes do pr\u00e9dio, que ter\u00e1 que ser reformada, j\u00e1 que as chamas danificaram bastante a estrutura.<\/p>\n<p>Ele admitiu que a facilidade com que os presos conseguiram danificar o muro indica a precariedade do complexo prisional.<\/p>\n<p>\u201cA estrutura n\u00e3o oferece a seguran\u00e7a adequada em termos de concreto e ferragens para impedir a a\u00e7\u00e3o dos presos. \u00c9 uma estrutura fr\u00e1gil, na qual um buraco pode ser aberto rapidamente\u201d, declarou Castilho.<\/p>\n<p>Depois da rebeli\u00e3o, ele conversou com o governador Marconi Perillo, de Goi\u00e1s, sobre a acelera\u00e7\u00e3o da constru\u00e7\u00e3o de cinco novos pres\u00eddios e a convoca\u00e7\u00e3o de 1,6 mil agentes penitenci\u00e1rios aprovados em concurso. &#8220;Essa convoca\u00e7\u00e3o j\u00e1 estava adiantada e independe do ocorrido ontem&#8221;, finalizou.<\/p>\n<p>Fonte: Ag\u00eancia Brasil<\/p>\n","protected":false},"excerpt":{"rendered":"<p>As for\u00e7as de seguran\u00e7a p\u00fablica de Goi\u00e1s tentam recapturar 99 presos que continuam foragidos do Complexo Prisional de Aparecida de Goi\u00e2nia, na regi\u00e3o metropolitana da capital de Goi\u00e1s, palco de uma rebeli\u00e3o em que ao menos nove detentos foram mortos e 14 ficaram feridos na \u00faltima segunda-feira, 1\u00ba de janeiro. Al\u00e9m de os 9 apenados [&hellip;]<\/p>\n","protected":false},"author":96,"featured_media":88497,"comment_status":"closed","ping_status":"closed","sticky":false,"template":"","format":"standard","meta":{"footnotes":""},"categories":[302],"tags":[],"class_list":["post-88498","post","type-post","status-publish","format-standard","has-post-thumbnail","hentry","category-brasil-mundo"],"_links":{"self":[{"href":"https:\/\/diarioregionaldigital.com.br\/index.php?rest_route=\/wp\/v2\/posts\/88498","targetHints":{"allow":["GET"]}}],"collection":[{"href":"https:\/\/diarioregionaldigital.com.br\/index.php?rest_route=\/wp\/v2\/posts"}],"about":[{"href":"https:\/\/diarioregionaldigital.com.br\/index.php?rest_route=\/wp\/v2\/types\/post"}],"author":[{"embeddable":true,"href":"https:\/\/diarioregionaldigital.com.br\/index.php?rest_route=\/wp\/v2\/users\/96"}],"replies":[{"embeddable":true,"href":"https:\/\/diarioregionaldigital.com.br\/index.php?rest_route=%2Fwp%2Fv2%2Fcomments&post=88498"}],"version-history":[{"count":0,"href":"https:\/\/diarioregionaldigital.com.br\/index.php?rest_route=\/wp\/v2\/posts\/88498\/revisions"}],"wp:featuredmedia":[{"embeddable":true,"href":"https:\/\/diarioregionaldigital.com.br\/index.php?rest_route=\/wp\/v2\/media\/88497"}],"wp:attachment":[{"href":"https:\/\/diarioregionaldigital.com.br\/index.php?rest_route=%2Fwp%2Fv2%2Fmedia&parent=88498"}],"wp:term":[{"taxonomy":"category","embeddable":true,"href":"https:\/\/diarioregionaldigital.com.br\/index.php?rest_route=%2Fwp%2Fv2%2Fcategories&post=88498"},{"taxonomy":"post_tag","embeddable":true,"href":"https:\/\/diarioregionaldigital.com.br\/index.php?rest_route=%2Fwp%2Fv2%2Ftags&post=88498"}],"curies":[{"name":"wp","href":"https:\/\/api.w.org\/{rel}","templated":true}]}}