{"id":88357,"date":"2017-12-28T16:06:17","date_gmt":"2017-12-28T18:06:17","guid":{"rendered":"http:\/\/diarioregionaljf.com.br\/2017\/12\/28\/temer-sanciona-lei-que-cria-a-agencia-nacional-de-mineracao\/"},"modified":"2017-12-28T16:06:17","modified_gmt":"2017-12-28T18:06:17","slug":"temer-sanciona-lei-que-cria-a-agencia-nacional-de-mineracao","status":"publish","type":"post","link":"https:\/\/diarioregionaldigital.com.br\/?p=88357","title":{"rendered":"Temer sanciona lei que cria a Ag\u00eancia Nacional de Minera\u00e7\u00e3o"},"content":{"rendered":"<p>O presidente Michel Temer sancionou nessa quarta-feira, 27, a lei que cria a Ag\u00eancia Nacional de Minera\u00e7\u00e3o (ANM). A nova ag\u00eancia substitui o Departamento Nacional de Produ\u00e7\u00e3o Mineral (DNPM) na regula\u00e7\u00e3o e fiscaliza\u00e7\u00e3o do setor de minera\u00e7\u00e3o.<\/p>\n<p>Vinculada ao Minist\u00e9rio de Minas e Energia, a ANM tem, entre suas atribui\u00e7\u00f5es, a fiscaliza\u00e7\u00e3o da atividade de minera\u00e7\u00e3o e a responsabilidade por vistorias, notifica\u00e7\u00f5es, autua\u00e7\u00e3o de infratores e ado\u00e7\u00e3o de medidas como interdi\u00e7\u00e3o e aplica\u00e7\u00e3o de san\u00e7\u00f5es.<\/p>\n<p>Pela Constitui\u00e7\u00e3o, a atividade de minera\u00e7\u00e3o \u00e9 autorizada sob o regime de concess\u00e3o p\u00fablica. Como contrapartida, as empresas exploradoras t\u00eam de pagar compensa\u00e7\u00e3o aos entes da Uni\u00e3o.<\/p>\n<p>A nova ag\u00eancia contar\u00e1 com uma diretoria colegiada, composta por cinco diretores, para dirigir seus trabalhos. Os diretores ser\u00e3o brasileiros indicados pelo Pal\u00e1cio do Planalto, nomeados ap\u00f3s aprova\u00e7\u00e3o pelo Senado. Eles exercer\u00e3o mandato de quatro anos, permitida somente uma recondu\u00e7\u00e3o ao cargo.<\/p>\n<p>Em julho, o governo editou tr\u00eas medidas provis\u00f3rias alterando as regras do setor. Entre elas, est\u00e3o a cria\u00e7\u00e3o da ANM e altera\u00e7\u00f5es na cobran\u00e7a da Compensa\u00e7\u00e3o Financeira pela Explora\u00e7\u00e3o de Recursos Minerais (CFEM), esp\u00e9cie de royalties do setor.<\/p>\n<p>Em 2016, a arrecada\u00e7\u00e3o da CFEM totalizou R$ 1,6 bilh\u00e3o. Atualmente, o c\u00e1lculo do valor devido \u00e9 feito com base no faturamento l\u00edquido da empresa. Com a mudan\u00e7a, a cobran\u00e7a ter\u00e1 como base a receita bruta da venda do min\u00e9rio, agregando os custos com transporte e seguro.<\/p>\n<p>A medida gerou a expectativa de ampliar a arrecada\u00e7\u00e3o do governo em cerca de 80%. O objetivo \u00e9 conseguir, nos pr\u00f3ximos sete anos, elevar de 4% para 6% a participa\u00e7\u00e3o do setor de minera\u00e7\u00e3o no Produto Interno Bruto (PIB, spma de todos os bens e servi\u00e7os produzidos no pa\u00eds).<\/p>\n<hr \/>\n<p>&nbsp;Fonte: Ag\u00eancia Brasil<\/p>\n","protected":false},"excerpt":{"rendered":"<p>O presidente Michel Temer sancionou nessa quarta-feira, 27, a lei que cria a Ag\u00eancia Nacional de Minera\u00e7\u00e3o (ANM). A nova ag\u00eancia substitui o Departamento Nacional de Produ\u00e7\u00e3o Mineral (DNPM) na regula\u00e7\u00e3o e fiscaliza\u00e7\u00e3o do setor de minera\u00e7\u00e3o. Vinculada ao Minist\u00e9rio de Minas e Energia, a ANM tem, entre suas atribui\u00e7\u00f5es, a fiscaliza\u00e7\u00e3o da atividade de [&hellip;]<\/p>\n","protected":false},"author":96,"featured_media":88356,"comment_status":"closed","ping_status":"closed","sticky":false,"template":"","format":"standard","meta":{"footnotes":""},"categories":[261],"tags":[],"class_list":["post-88357","post","type-post","status-publish","format-standard","has-post-thumbnail","hentry","category-economia"],"_links":{"self":[{"href":"https:\/\/diarioregionaldigital.com.br\/index.php?rest_route=\/wp\/v2\/posts\/88357","targetHints":{"allow":["GET"]}}],"collection":[{"href":"https:\/\/diarioregionaldigital.com.br\/index.php?rest_route=\/wp\/v2\/posts"}],"about":[{"href":"https:\/\/diarioregionaldigital.com.br\/index.php?rest_route=\/wp\/v2\/types\/post"}],"author":[{"embeddable":true,"href":"https:\/\/diarioregionaldigital.com.br\/index.php?rest_route=\/wp\/v2\/users\/96"}],"replies":[{"embeddable":true,"href":"https:\/\/diarioregionaldigital.com.br\/index.php?rest_route=%2Fwp%2Fv2%2Fcomments&post=88357"}],"version-history":[{"count":0,"href":"https:\/\/diarioregionaldigital.com.br\/index.php?rest_route=\/wp\/v2\/posts\/88357\/revisions"}],"wp:featuredmedia":[{"embeddable":true,"href":"https:\/\/diarioregionaldigital.com.br\/index.php?rest_route=\/wp\/v2\/media\/88356"}],"wp:attachment":[{"href":"https:\/\/diarioregionaldigital.com.br\/index.php?rest_route=%2Fwp%2Fv2%2Fmedia&parent=88357"}],"wp:term":[{"taxonomy":"category","embeddable":true,"href":"https:\/\/diarioregionaldigital.com.br\/index.php?rest_route=%2Fwp%2Fv2%2Fcategories&post=88357"},{"taxonomy":"post_tag","embeddable":true,"href":"https:\/\/diarioregionaldigital.com.br\/index.php?rest_route=%2Fwp%2Fv2%2Ftags&post=88357"}],"curies":[{"name":"wp","href":"https:\/\/api.w.org\/{rel}","templated":true}]}}