{"id":88348,"date":"2017-12-28T15:57:56","date_gmt":"2017-12-28T17:57:56","guid":{"rendered":"http:\/\/diarioregionaljf.com.br\/2017\/12\/28\/tempo-de-curso-tecnico-pode-ser-aproveitado-para-aposentadoria\/"},"modified":"2017-12-28T15:57:56","modified_gmt":"2017-12-28T17:57:56","slug":"tempo-de-curso-tecnico-pode-ser-aproveitado-para-aposentadoria","status":"publish","type":"post","link":"https:\/\/diarioregionaldigital.com.br\/?p=88348","title":{"rendered":"Tempo de curso t\u00e9cnico pode ser aproveitado para aposentadoria"},"content":{"rendered":"<p>Homens e mulheres que est\u00e3o em vias de se aposentar ou querem incorporar mais anos de contribui\u00e7\u00e3o podem buscar no curso t\u00e9cnico um ganho a mais. Quem fez curso t\u00e9cnico, aprendizagem industrial ou foi aluno aprendiz pode validar os anos e contar na hora de fechar o c\u00e1lculo de contribui\u00e7\u00e3o previdenci\u00e1ria.<\/p>\n<p>Para valida\u00e7\u00e3o do tempo de est\u00e1gio e estudo \u00e9 imprescind\u00edvel n\u00e3o ter trabalhado com carteira assinada naquele per\u00edodo. A decis\u00e3o, validada pela Instru\u00e7\u00e3o Normativa 77 do INSS no Art. 76, determina que: \u201cOs per\u00edodos de aprendizado profissional realizados at\u00e9 16 de dezembro de 1998, data da vig\u00eancia da Emenda Constitucional n\u00ba 20, de 1998, ser\u00e3o considerados como tempo de servi\u00e7o\/contribui\u00e7\u00e3o independentemente do momento em que o segurado venha a implementar os demais requisitos para a concess\u00e3o de aposentadoria no RGPS [&#8230;]\u201d.<\/p>\n<p>A Justi\u00e7a facilitou com essa normativa a inclus\u00e3o do per\u00edodo de aluno-aprendiz tamb\u00e9m na aposentadoria por tempo de contribui\u00e7\u00e3o. A decis\u00e3o aprovada pelo Tribunal Regional Federal da 4\u00aa Regi\u00e3o (TRF 4), aceitou como prova de contribui\u00e7\u00e3o uma simples declara\u00e7\u00e3o da escola t\u00e9cnica onde o segurado estudou.<\/p>\n<p>O INSS exigia anteriormente uma certid\u00e3o de tempo de contribui\u00e7\u00e3o, documento que as escolas dificilmente emitem.<\/p>\n<p>\u00c9 considerado aluno-aprendiz quem fez curso profissionalizante e realizou atividade remunerada (ainda que indiretamente). A decis\u00e3o do TRF 4 refor\u00e7a a opini\u00e3o de ju\u00edzes em v\u00e1rias regi\u00f5es do pa\u00eds, como afirma o advogado Roberto de Carvalho Santos. &#8220;\u00c9 cada vez mais comum o entendimento de que uma simples certid\u00e3o escolar \u00e9 suficiente para incluir o tempo como aluno-aprendiz na contagem para a aposentadoria&#8221;, diz Santos.<\/p>\n","protected":false},"excerpt":{"rendered":"<p>Homens e mulheres que est\u00e3o em vias de se aposentar ou querem incorporar mais anos de contribui\u00e7\u00e3o podem buscar no curso t\u00e9cnico um ganho a mais. Quem fez curso t\u00e9cnico, aprendizagem industrial ou foi aluno aprendiz pode validar os anos e contar na hora de fechar o c\u00e1lculo de contribui\u00e7\u00e3o previdenci\u00e1ria. Para valida\u00e7\u00e3o do tempo [&hellip;]<\/p>\n","protected":false},"author":96,"featured_media":88347,"comment_status":"closed","ping_status":"closed","sticky":false,"template":"","format":"standard","meta":{"footnotes":""},"categories":[261],"tags":[],"class_list":["post-88348","post","type-post","status-publish","format-standard","has-post-thumbnail","hentry","category-economia"],"_links":{"self":[{"href":"https:\/\/diarioregionaldigital.com.br\/index.php?rest_route=\/wp\/v2\/posts\/88348","targetHints":{"allow":["GET"]}}],"collection":[{"href":"https:\/\/diarioregionaldigital.com.br\/index.php?rest_route=\/wp\/v2\/posts"}],"about":[{"href":"https:\/\/diarioregionaldigital.com.br\/index.php?rest_route=\/wp\/v2\/types\/post"}],"author":[{"embeddable":true,"href":"https:\/\/diarioregionaldigital.com.br\/index.php?rest_route=\/wp\/v2\/users\/96"}],"replies":[{"embeddable":true,"href":"https:\/\/diarioregionaldigital.com.br\/index.php?rest_route=%2Fwp%2Fv2%2Fcomments&post=88348"}],"version-history":[{"count":0,"href":"https:\/\/diarioregionaldigital.com.br\/index.php?rest_route=\/wp\/v2\/posts\/88348\/revisions"}],"wp:featuredmedia":[{"embeddable":true,"href":"https:\/\/diarioregionaldigital.com.br\/index.php?rest_route=\/wp\/v2\/media\/88347"}],"wp:attachment":[{"href":"https:\/\/diarioregionaldigital.com.br\/index.php?rest_route=%2Fwp%2Fv2%2Fmedia&parent=88348"}],"wp:term":[{"taxonomy":"category","embeddable":true,"href":"https:\/\/diarioregionaldigital.com.br\/index.php?rest_route=%2Fwp%2Fv2%2Fcategories&post=88348"},{"taxonomy":"post_tag","embeddable":true,"href":"https:\/\/diarioregionaldigital.com.br\/index.php?rest_route=%2Fwp%2Fv2%2Ftags&post=88348"}],"curies":[{"name":"wp","href":"https:\/\/api.w.org\/{rel}","templated":true}]}}