{"id":88346,"date":"2017-12-28T15:56:00","date_gmt":"2017-12-28T17:56:00","guid":{"rendered":"http:\/\/diarioregionaljf.com.br\/2017\/12\/28\/aposentado-e-pensionista-necessitam-fazer-prova-de-vida-ate-fevereiro-de-2018\/"},"modified":"2017-12-28T15:56:00","modified_gmt":"2017-12-28T17:56:00","slug":"aposentado-e-pensionista-necessitam-fazer-prova-de-vida-ate-fevereiro-de-2018","status":"publish","type":"post","link":"https:\/\/diarioregionaldigital.com.br\/?p=88346","title":{"rendered":"Aposentado e pensionista necessitam fazer prova de vida at\u00e9 fevereiro de 2018"},"content":{"rendered":"<p>O Instituto Nacional do Seguro Social (INSS) estendeu at\u00e9 o dia 28 de fevereiro de 2018, o prazo final para que aposentados e pensionistas fa\u00e7am a comprova\u00e7\u00e3o de vida, que \u00e9 uma exig\u00eancia do Governo para continuar pagando o benef\u00edcio.<\/p>\n<p>Todos os benefici\u00e1rios do INSS que recebem seus pagamentos em conta corrente, conta poupan\u00e7a ou cart\u00e3o magn\u00e9tico devem provar que est\u00e3o vivos pelo menos uma vez ao ano. Quem n\u00e3o cumprir essas medidas de seguran\u00e7a podem colocar a quantia em risco, podendo ter o benef\u00edcio suspenso.<\/p>\n<p>O Governo decidiu adiar a data para tal comprova\u00e7\u00e3o, que a principio acabaria no dia 31 de dezembro, tendo em vista que um alto n\u00famero de pessoas n\u00e3o compareceram para fazer o procedimento.<\/p>\n<p>At\u00e9 novembro 6,5 milh\u00f5es de segurados ainda n\u00e3o tinham feito a comprova\u00e7\u00e3o. Dos mais de 34 milh\u00f5es de pessoas que recebem os benef\u00edcios do INSS, cerca de 28 milh\u00f5es j\u00e1 realizaram o cadastro de vida. O INSS informou que as ag\u00eancias banc\u00e1rias est\u00e3o comunicando sobre a comprova\u00e7\u00e3o de vida por meio de mensagens nos caixas eletr\u00f4nicos dos seus clientes.<\/p>\n<p><strong>COMO FAZER A COMPROVA\u00c7\u00c3O<\/strong><\/p>\n<p>Para comprovar a situa\u00e7\u00e3o de vida o aposentado ou pensionista n\u00e3o precisa ir a uma ag\u00eancia da previd\u00eancia. O benefici\u00e1rio pode ir diretamente ao banco que ele saca o dinheiro, portando um documento pessoal com foto. Algumas ag\u00eancias banc\u00e1rias tamb\u00e9m fazem a comprova\u00e7\u00e3o pela valida\u00e7\u00e3o do sistema de biometria nos caixas eletr\u00f4nicos.<\/p>\n<p>Quem n\u00e3o puder ir at\u00e9 as ag\u00eancias banc\u00e1rias por problemas de sa\u00fade ou locomo\u00e7\u00e3o pode realizar o procedimento por meio de um procurador cadastrado no INSS. Quem n\u00e3o reside no Brasil pode realizar a comprova\u00e7\u00e3o por um procurador, por meio de documento de prova de vida emitido por consulado ou preenchendo o Formul\u00e1rio Espec\u00edfico de Atestado de Vida para o INSS, que est\u00e1 dispon\u00edvel no site da Previd\u00eancia.<\/p>\n","protected":false},"excerpt":{"rendered":"<p>O Instituto Nacional do Seguro Social (INSS) estendeu at\u00e9 o dia 28 de fevereiro de 2018, o prazo final para que aposentados e pensionistas fa\u00e7am a comprova\u00e7\u00e3o de vida, que \u00e9 uma exig\u00eancia do Governo para continuar pagando o benef\u00edcio. Todos os benefici\u00e1rios do INSS que recebem seus pagamentos em conta corrente, conta poupan\u00e7a ou [&hellip;]<\/p>\n","protected":false},"author":96,"featured_media":88345,"comment_status":"closed","ping_status":"closed","sticky":false,"template":"","format":"standard","meta":{"footnotes":""},"categories":[261],"tags":[],"class_list":["post-88346","post","type-post","status-publish","format-standard","has-post-thumbnail","hentry","category-economia"],"_links":{"self":[{"href":"https:\/\/diarioregionaldigital.com.br\/index.php?rest_route=\/wp\/v2\/posts\/88346","targetHints":{"allow":["GET"]}}],"collection":[{"href":"https:\/\/diarioregionaldigital.com.br\/index.php?rest_route=\/wp\/v2\/posts"}],"about":[{"href":"https:\/\/diarioregionaldigital.com.br\/index.php?rest_route=\/wp\/v2\/types\/post"}],"author":[{"embeddable":true,"href":"https:\/\/diarioregionaldigital.com.br\/index.php?rest_route=\/wp\/v2\/users\/96"}],"replies":[{"embeddable":true,"href":"https:\/\/diarioregionaldigital.com.br\/index.php?rest_route=%2Fwp%2Fv2%2Fcomments&post=88346"}],"version-history":[{"count":0,"href":"https:\/\/diarioregionaldigital.com.br\/index.php?rest_route=\/wp\/v2\/posts\/88346\/revisions"}],"wp:featuredmedia":[{"embeddable":true,"href":"https:\/\/diarioregionaldigital.com.br\/index.php?rest_route=\/wp\/v2\/media\/88345"}],"wp:attachment":[{"href":"https:\/\/diarioregionaldigital.com.br\/index.php?rest_route=%2Fwp%2Fv2%2Fmedia&parent=88346"}],"wp:term":[{"taxonomy":"category","embeddable":true,"href":"https:\/\/diarioregionaldigital.com.br\/index.php?rest_route=%2Fwp%2Fv2%2Fcategories&post=88346"},{"taxonomy":"post_tag","embeddable":true,"href":"https:\/\/diarioregionaldigital.com.br\/index.php?rest_route=%2Fwp%2Fv2%2Ftags&post=88346"}],"curies":[{"name":"wp","href":"https:\/\/api.w.org\/{rel}","templated":true}]}}