{"id":88344,"date":"2017-12-28T15:51:24","date_gmt":"2017-12-28T17:51:24","guid":{"rendered":"http:\/\/diarioregionaljf.com.br\/2017\/12\/28\/saiba-as-melhores-datas-para-programar-as-viagens-de-2018\/"},"modified":"2017-12-28T15:51:24","modified_gmt":"2017-12-28T17:51:24","slug":"saiba-as-melhores-datas-para-programar-as-viagens-de-2018","status":"publish","type":"post","link":"https:\/\/diarioregionaldigital.com.br\/?p=88344","title":{"rendered":"Saiba as melhores datas para programar as viagens de 2018"},"content":{"rendered":"<p>\u00daltimo dia do ano. As esperan\u00e7as se renovam; as expectativas aumentam; grandes planos para o ano que chega. Que os desafios se transformem em oportunidades de crescimento e realiza\u00e7\u00f5es. Isso tudo \u00e9 o que todos n\u00f3s almejamos.<\/p>\n<p>O ano come\u00e7a com festa, com f\u00e9rias e com sete feriados nacionais ao longo dele, mais cinco colados nos fins de semana, portanto 2018 ser\u00e1 um excelente ano para pequenas viagens. Ser\u00e3o 12 pausas no meio da semana: uma na segunda, cinco na ter\u00e7a, duas na quinta e quatro na sexta-feira, ent\u00e3o vamos aproveitar e come\u00e7ar a nos programar.<\/p>\n<p>A dica \u00e9 em vez de tomar o caminho de sempre rumo ao litoral mais pr\u00f3ximo, que sempre tamb\u00e9m est\u00e1 lotado e com as estradas engarrafadas, por que todo mundo tem a mesma ideia, que tal aproveitar esses feriad\u00f5es em outros destinos, como:<\/p>\n<p>&nbsp;<\/p>\n<p><strong>LEN\u00c7\u00d3IS MARANHENSES<\/strong> \u2013 mesmo sem aeroporto pr\u00f3ximo, um feriado \u00e9 suficiente para se ter uma no\u00e7\u00e3o das paisagens absurdas do Parque Nacional dos Len\u00e7\u00f3is Maranhenses. Para ver as dunas que represam as \u00e1guas das chuvas, uma viagem b\u00e1sica deve incluir as lagoas Azul, Bonita e das Andorinhas. Encaixe tamb\u00e9m o passeio de barco pelo Rio Pregui\u00e7as at\u00e9 o povoado de Atins.<\/p>\n<p>&nbsp;<\/p>\n<p><strong>JERICOACOARA<\/strong> no Cear\u00e1 \u2013 \u00e1rea de prote\u00e7\u00e3o ambiental cercada de dunas, lagoas e postais naturais como a Pedra Furada, \u201cJeri\u201d \u00e9 uma vila que preserva ruas de areia e um charme involunt\u00e1rio, apesar do cosmopolitismo que chega na mochila dos gringos do kite. Desde setembro, h\u00e1 uma taxa di\u00e1ria de R$5,00 por visitante, percal\u00e7o menor diante da inaugura\u00e7\u00e3o do aeroporto, em junho, que recebe voos de Campinas e, a partir de agora, tamb\u00e9m de Congonhas.<\/p>\n<p>&nbsp;<\/p>\n<p><strong>CHAPADA DIAMANTINA<\/strong> na Bahia \u2013 \u00e9 preciso mais que um feriado para explorar os 1.500 km\u00b2 de morros, c\u00e2nions e cachoeiras da Chapada. Mas o aeroporto pr\u00f3ximo e as atra\u00e7\u00f5es no entorno de Len\u00e7\u00f3is \u2013 Morro do Pai In\u00e1cio, Cachoeira dos Mosquitos e grutas Torrinha e Pratinha \u2013 garantem agilidade para degustar o superlativo parque nacional.<\/p>\n<p>&nbsp;<\/p>\n<p><strong>PANTANAL<\/strong>, Mato Grosso\/Mato Grosso do Sul \u2013 para fugir da urbe, nada se compara a pescar piranha, focar jacar\u00e9 e ver de perto aves, capivaras e tamandu\u00e1s. Assim \u00e9 o Pantanal, que tem base em Pocon\u00e9, no Mato Grosso e Corumb\u00e1, Aquidauana e Miranda, no Mato Grosso do Sul. Hot\u00e9is-fazenda e pousadas da Estrada-Parque (Pantanal Sul) e Transpantaneira (Norte) organizam os passeios ecol\u00f3gicos.<\/p>\n<p>&nbsp;<\/p>\n<p><strong>BONITO<\/strong>, Mato Grosso do Sul \u2013 desde fevereiro, chegar a Bonito est\u00e1 mais pr\u00e1tico com os voos da Azul saindo de Campinas \u2013 mas n\u00e3o reserve menos do que quatro dias para visitar o melhor destino de mergulho fluvial do Brasil. Conhecida por sua organiza\u00e7\u00e3o, a cidade atrai muitas fam\u00edlias aventureiras, dada a facilidade de flutuar em rios cristalinos cheios de peixes.<\/p>\n<p>&nbsp;<\/p>\n<p><strong>INHOTIM<\/strong>, Minas Gerais \u2013 reserve dois dias para conhecer o Inhotim, em Brumadinho, o maior museu de arte contempor\u00e2nea a c\u00e9u aberto do mundo, dono de exuberante jardim bot\u00e2nico e 22 galerias. Nelas, instala\u00e7\u00f5es, esculturas e fotos estimulam tanto o especialista em arte quanto o leigo. Depois, curta o fim do feriado em Belo Horizonte.<\/p>\n<p>&nbsp;<\/p>\n<p><strong>CIDADES HIST\u00d3RICAS DE MINAS<\/strong> \u2013 das principais cidades hist\u00f3ricas, Ouro Preto \u2013 de acervo barroco inigual\u00e1vel \u2013 \u00e9 a mais pr\u00f3xima de BH e base para visitar Mariana, Tiradentes, mais distante, alia preserva\u00e7\u00e3o com pousadas chiques e \u00f3timas em culin\u00e1ria. Uma Maria-fuma\u00e7a liga a cidade de S\u00e3o Jo\u00e3o Del Rey.<\/p>\n<p>&nbsp;<\/p>\n<p><strong>FOZ DO IGUA\u00c7U<\/strong> no Paran\u00e1 \u2013 desde o m\u00eas passado os turistas economizam 30% no Passaporte 3 Maravilhas, que d\u00e1 acesso ao parque nacional, ao Marco das Tr\u00eas Fronteiras e \u00e0 Usina de Itaipu. Foz tem ainda o aclamado Parque das Aves e, atravessando a fronteira, o imperd\u00edvel lado argentino das cataratas.<\/p>\n<p>&nbsp;<\/p>\n<p><strong>BENTO GON\u00c7ALVES<\/strong> no Rio Grande do Sul \u2013 o clima ameno e o relevo serrano permitiram que os imigrantes italianos fizessem de Bento a principal \u00e1rea vin\u00edfera do pa\u00eds. Al\u00e9m das constru\u00e7\u00f5es antigas, do passeio de maria-fuma\u00e7a e do famoso galeto do Casa di Paolo, os visitantes conhecem vin\u00edcolas de qualidade, como Miolo e Salton, sem sair do pa\u00eds.<\/p>\n<p>&nbsp;<\/p>\n<p><strong>GRAMADO<\/strong> no Rio Grande do Sul \u2013 associada ao inverno, Gramado tem neve o ano inteiro no Snowland, onde \u00e9 poss\u00edvel esquiar, patinar e brincar no gelo. Tamb\u00e9m n\u00e3o \u00e9 preciso ir em dezembro para ver o Papai Noel, que est\u00e1 sempre em sua Aldeia. No primeiro semestre de 2018 a cidade ainda ganhar\u00e1 o segundo Hard Rock Caf\u00e9 do pa\u00eds.<\/p>\n<p>&nbsp;<\/p>\n<p><strong>BEACH PARK<\/strong> no Cear\u00e1 \u2013 segundo melhor parque aqu\u00e1tico do mundo em 2017, o Beach Park n\u00e3o para de ser reinventar. De tempos em tempos um novo brinquedo \u00e9 lan\u00e7ado \u2013 o \u00faltimo foi o tobo\u00e1gua Vaikuntudo, cujas boias atingem 43 km\/h. A pr\u00f3xima atra\u00e7\u00e3o, ainda n\u00e3o anunciada, deve inaugurar at\u00e9 as f\u00e9rias de julho\/2018.<\/p>\n<p>&nbsp;<\/p>\n<p><strong>BETO CARRERO WORLD<\/strong> em Santa Catarina \u2013 o maior parque tem\u00e1tico da Am\u00e9rica Latina tem tr\u00eas montanhas-russas \u2013 duas delas com looping \u2013 e \u00e1reas tem\u00e1ticas dos personagens de Kung Fu Panda, Shrek e Madagascar. Outro destaque do Beto Carrero \u00e9 o Extreme Show, com carros e motos em manobras radicais.<\/p>\n<p>&nbsp;<\/p>\n<p><strong>BUENOS AIRES<\/strong> na Argentina \u2013 f\u00e1cil de chegar, \u00e9 proveitosa at\u00e9 para quem j\u00e1 a conhece. Nos \u00faltimos anos, a cidade inaugurou o Centro Cultural Kirchner, o museu da fotografia FoLa e o outlet Distrito Arcos \u2013 e h\u00e1 ainda as carnes, os vinhos, museus e bairros que ningu\u00e9m se cansa de revisitar. A capital tamb\u00e9m \u00e9 base para ir \u00e0 uruguaia Col\u00f4nia Del Sacramento, a 1h15 pelo Buquebus.<\/p>\n<p>&nbsp;<\/p>\n<p><strong>SANTIAGO<\/strong>, Chile \u2013 Cordilheira ao fundo, a moderna capital chilena \u00e9 f\u00e1cil de ser conhecida a p\u00e9 (usando-se o metr\u00f4) e tem programas variados, do Centro cheio de hist\u00f3ria \u00e0 panor\u00e2mica do Cerro San Crist\u00f3bal, passando por vin\u00edcolas como a Concha y Toro, a meia hora da cidade. Num feriado de quatro dias, separe um deles para visitar Valpara\u00edso e Vi\u00f1a Del Mar, no Pac\u00edfico, ou, no inverno, as esta\u00e7\u00f5es de esqui (a cerca de 1h30) cobertas de neve.<\/p>\n<p>Todas essas dicas para 2018, feriados ou f\u00e9rias. O importante \u00e9 o leitor se programar e aproveitar. Um Feliz Ano Novo a todos com muita paz e sa\u00fade pra curtir grandes destinos dentro e fora do Brasil.<\/p>\n<p>&nbsp;<\/p>\n<p><strong>Colabora\u00e7\u00e3o:&nbsp;Revista Viagem e Turismo&nbsp;<\/strong><\/p>\n","protected":false},"excerpt":{"rendered":"<p>\u00daltimo dia do ano. As esperan\u00e7as se renovam; as expectativas aumentam; grandes planos para o ano que chega. Que os desafios se transformem em oportunidades de crescimento e realiza\u00e7\u00f5es. Isso tudo \u00e9 o que todos n\u00f3s almejamos. O ano come\u00e7a com festa, com f\u00e9rias e com sete feriados nacionais ao longo dele, mais cinco colados [&hellip;]<\/p>\n","protected":false},"author":96,"featured_media":88343,"comment_status":"closed","ping_status":"closed","sticky":false,"template":"","format":"standard","meta":{"footnotes":""},"categories":[284],"tags":[],"class_list":["post-88344","post","type-post","status-publish","format-standard","has-post-thumbnail","hentry","category-turismo-rosa-oliveira"],"_links":{"self":[{"href":"https:\/\/diarioregionaldigital.com.br\/index.php?rest_route=\/wp\/v2\/posts\/88344","targetHints":{"allow":["GET"]}}],"collection":[{"href":"https:\/\/diarioregionaldigital.com.br\/index.php?rest_route=\/wp\/v2\/posts"}],"about":[{"href":"https:\/\/diarioregionaldigital.com.br\/index.php?rest_route=\/wp\/v2\/types\/post"}],"author":[{"embeddable":true,"href":"https:\/\/diarioregionaldigital.com.br\/index.php?rest_route=\/wp\/v2\/users\/96"}],"replies":[{"embeddable":true,"href":"https:\/\/diarioregionaldigital.com.br\/index.php?rest_route=%2Fwp%2Fv2%2Fcomments&post=88344"}],"version-history":[{"count":0,"href":"https:\/\/diarioregionaldigital.com.br\/index.php?rest_route=\/wp\/v2\/posts\/88344\/revisions"}],"wp:featuredmedia":[{"embeddable":true,"href":"https:\/\/diarioregionaldigital.com.br\/index.php?rest_route=\/wp\/v2\/media\/88343"}],"wp:attachment":[{"href":"https:\/\/diarioregionaldigital.com.br\/index.php?rest_route=%2Fwp%2Fv2%2Fmedia&parent=88344"}],"wp:term":[{"taxonomy":"category","embeddable":true,"href":"https:\/\/diarioregionaldigital.com.br\/index.php?rest_route=%2Fwp%2Fv2%2Fcategories&post=88344"},{"taxonomy":"post_tag","embeddable":true,"href":"https:\/\/diarioregionaldigital.com.br\/index.php?rest_route=%2Fwp%2Fv2%2Ftags&post=88344"}],"curies":[{"name":"wp","href":"https:\/\/api.w.org\/{rel}","templated":true}]}}