{"id":88340,"date":"2017-12-28T15:13:47","date_gmt":"2017-12-28T17:13:47","guid":{"rendered":"http:\/\/diarioregionaljf.com.br\/2017\/12\/28\/sancionada-lei-que-preve-atendimento-aos-educandos-com-altas-habilidades-ou-superdotacao-na-rede-municipal-de-ensino\/"},"modified":"2017-12-28T15:13:47","modified_gmt":"2017-12-28T17:13:47","slug":"sancionada-lei-que-preve-atendimento-aos-educandos-com-altas-habilidades-ou-superdotacao-na-rede-municipal-de-ensino","status":"publish","type":"post","link":"https:\/\/diarioregionaldigital.com.br\/?p=88340","title":{"rendered":"Sancionada lei que prev\u00ea atendimento aos educandos com altas habilidades ou superdota\u00e7\u00e3o na rede municipal de ensino"},"content":{"rendered":"<p>A Lei de autoria do vereador Ant\u00f4nio Aguiar (PMDB) que estabelece o atendimento aos educandos com altas habilidades ou superdota\u00e7\u00e3o na rede municipal de ensino foi sancionada nesta quarta-feira, 27. De acordo com a nova norma, que torna Juiz de Fora pioneira nesta \u00e1rea, esta \u00e9 uma forma de identificar crian\u00e7as com altas habilidades e dar um suporte adequado a todos.<\/p>\n<p>O autor afirma que a legisla\u00e7\u00e3o est\u00e1 fundamentada em conson\u00e2ncia com a Lei Federal 9394\/96 que determina as Diretrizes e Bases da Educa\u00e7\u00e3o Nacional para garantir o acesso e a perman\u00eancia dos alunos na escola, especialmente os que s\u00e3o p\u00fablico-alvo da Educa\u00e7\u00e3o Especial.<\/p>\n<p>Ant\u00f4nio esclarece que a norma veio para dar apoio \u00e0s crian\u00e7as desde sua entrada nas creches at\u00e9 o ensino superior. \u201cO munic\u00edpio precisa se organizar para identificar os estudantes, mas isso s\u00f3 ser\u00e1 poss\u00edvel, por meio de uma capacita\u00e7\u00e3o dos professores, ou seja, uma forma\u00e7\u00e3o continuada\u201d.<\/p>\n<p>Em sua justificativa Aguiar explica que, mesmo com as pol\u00edticas p\u00fablicas educacionais institu\u00eddas pelo Governo Federal para alunos com altas habilidades ou superdota\u00e7\u00e3o, nenhuma pol\u00edtica foi efetivada pela Secretaria de Educa\u00e7\u00e3o do Munic\u00edpio para efetivar o processo de identifica\u00e7\u00e3o desses alunos, o Atendimento Educacional Especializado (AEE), a suplementa\u00e7\u00e3o de ensino e a acelera\u00e7\u00e3o de estudos para este aluno. Tal fato justifica a falta de conhecimento do professor no processo de reconhecimento desses estudantes e a falta de demanda de AEE nesta \u00e1rea, uma vez que nenhum aluno foi encaminhado para atendimento nas salas de recursos multifuncionais das escolas municipais e nos Centros de Atendimento Educacionais Especializados.<\/p>\n<p>Fonte: Assessoria \/ C\u00e2mara Municipal de Juiz de Fora<\/p>\n","protected":false},"excerpt":{"rendered":"<p>A Lei de autoria do vereador Ant\u00f4nio Aguiar (PMDB) que estabelece o atendimento aos educandos com altas habilidades ou superdota\u00e7\u00e3o na rede municipal de ensino foi sancionada nesta quarta-feira, 27. De acordo com a nova norma, que torna Juiz de Fora pioneira nesta \u00e1rea, esta \u00e9 uma forma de identificar crian\u00e7as com altas habilidades e [&hellip;]<\/p>\n","protected":false},"author":96,"featured_media":88339,"comment_status":"closed","ping_status":"closed","sticky":false,"template":"","format":"standard","meta":{"footnotes":""},"categories":[254],"tags":[],"class_list":["post-88340","post","type-post","status-publish","format-standard","has-post-thumbnail","hentry","category-politica"],"_links":{"self":[{"href":"https:\/\/diarioregionaldigital.com.br\/index.php?rest_route=\/wp\/v2\/posts\/88340","targetHints":{"allow":["GET"]}}],"collection":[{"href":"https:\/\/diarioregionaldigital.com.br\/index.php?rest_route=\/wp\/v2\/posts"}],"about":[{"href":"https:\/\/diarioregionaldigital.com.br\/index.php?rest_route=\/wp\/v2\/types\/post"}],"author":[{"embeddable":true,"href":"https:\/\/diarioregionaldigital.com.br\/index.php?rest_route=\/wp\/v2\/users\/96"}],"replies":[{"embeddable":true,"href":"https:\/\/diarioregionaldigital.com.br\/index.php?rest_route=%2Fwp%2Fv2%2Fcomments&post=88340"}],"version-history":[{"count":0,"href":"https:\/\/diarioregionaldigital.com.br\/index.php?rest_route=\/wp\/v2\/posts\/88340\/revisions"}],"wp:featuredmedia":[{"embeddable":true,"href":"https:\/\/diarioregionaldigital.com.br\/index.php?rest_route=\/wp\/v2\/media\/88339"}],"wp:attachment":[{"href":"https:\/\/diarioregionaldigital.com.br\/index.php?rest_route=%2Fwp%2Fv2%2Fmedia&parent=88340"}],"wp:term":[{"taxonomy":"category","embeddable":true,"href":"https:\/\/diarioregionaldigital.com.br\/index.php?rest_route=%2Fwp%2Fv2%2Fcategories&post=88340"},{"taxonomy":"post_tag","embeddable":true,"href":"https:\/\/diarioregionaldigital.com.br\/index.php?rest_route=%2Fwp%2Fv2%2Ftags&post=88340"}],"curies":[{"name":"wp","href":"https:\/\/api.w.org\/{rel}","templated":true}]}}