{"id":88338,"date":"2017-12-28T14:38:51","date_gmt":"2017-12-28T16:38:51","guid":{"rendered":"http:\/\/diarioregionaljf.com.br\/2017\/12\/28\/jovem-e-assaltado-por-homem-em-bicicleta-no-poco-rico\/"},"modified":"2017-12-28T14:38:51","modified_gmt":"2017-12-28T16:38:51","slug":"jovem-e-assaltado-por-homem-em-bicicleta-no-poco-rico","status":"publish","type":"post","link":"https:\/\/diarioregionaldigital.com.br\/?p=88338","title":{"rendered":"Jovem \u00e9 assaltado por homem em bicicleta no Po\u00e7o Rico"},"content":{"rendered":"<p>Um jovem de 19 anos foi assaltado no in\u00edcio da noite desta quarta-feira, 27, no bairro Po\u00e7o Rico, localizado na zona Sudeste.<\/p>\n<p>De acordo com o registro de ocorr\u00eancias da Pol\u00edcia Militar (PM), o jovem passava pela Rua da Bahia quando foi abordado por um indiv\u00edduo que anunciou o assalto.<\/p>\n<p>O autor amea\u00e7ou agredira a v\u00edtima caso n\u00e3o passasse os objetos de valor. O jovem entregou seu aparelho celular.<\/p>\n<p>Ap\u00f3s o crime o autor fugiu em uma bicicleta em dire\u00e7\u00e3o ao centro da cidade. Ele n\u00e3o foi localizado.<\/p>\n","protected":false},"excerpt":{"rendered":"<p>Um jovem de 19 anos foi assaltado no in\u00edcio da noite desta quarta-feira, 27, no bairro Po\u00e7o Rico, localizado na zona Sudeste. De acordo com o registro de ocorr\u00eancias da Pol\u00edcia Militar (PM), o jovem passava pela Rua da Bahia quando foi abordado por um indiv\u00edduo que anunciou o assalto. O autor amea\u00e7ou agredira a [&hellip;]<\/p>\n","protected":false},"author":96,"featured_media":88337,"comment_status":"closed","ping_status":"closed","sticky":false,"template":"","format":"standard","meta":{"footnotes":""},"categories":[301],"tags":[],"class_list":["post-88338","post","type-post","status-publish","format-standard","has-post-thumbnail","hentry","category-artigos-policiais"],"_links":{"self":[{"href":"https:\/\/diarioregionaldigital.com.br\/index.php?rest_route=\/wp\/v2\/posts\/88338","targetHints":{"allow":["GET"]}}],"collection":[{"href":"https:\/\/diarioregionaldigital.com.br\/index.php?rest_route=\/wp\/v2\/posts"}],"about":[{"href":"https:\/\/diarioregionaldigital.com.br\/index.php?rest_route=\/wp\/v2\/types\/post"}],"author":[{"embeddable":true,"href":"https:\/\/diarioregionaldigital.com.br\/index.php?rest_route=\/wp\/v2\/users\/96"}],"replies":[{"embeddable":true,"href":"https:\/\/diarioregionaldigital.com.br\/index.php?rest_route=%2Fwp%2Fv2%2Fcomments&post=88338"}],"version-history":[{"count":0,"href":"https:\/\/diarioregionaldigital.com.br\/index.php?rest_route=\/wp\/v2\/posts\/88338\/revisions"}],"wp:featuredmedia":[{"embeddable":true,"href":"https:\/\/diarioregionaldigital.com.br\/index.php?rest_route=\/wp\/v2\/media\/88337"}],"wp:attachment":[{"href":"https:\/\/diarioregionaldigital.com.br\/index.php?rest_route=%2Fwp%2Fv2%2Fmedia&parent=88338"}],"wp:term":[{"taxonomy":"category","embeddable":true,"href":"https:\/\/diarioregionaldigital.com.br\/index.php?rest_route=%2Fwp%2Fv2%2Fcategories&post=88338"},{"taxonomy":"post_tag","embeddable":true,"href":"https:\/\/diarioregionaldigital.com.br\/index.php?rest_route=%2Fwp%2Fv2%2Ftags&post=88338"}],"curies":[{"name":"wp","href":"https:\/\/api.w.org\/{rel}","templated":true}]}}