{"id":88336,"date":"2017-12-28T13:40:51","date_gmt":"2017-12-28T15:40:51","guid":{"rendered":"http:\/\/diarioregionaljf.com.br\/2017\/12\/28\/posto-de-combustiveis-e-assaltado-por-dupla-no-vitorino-braga\/"},"modified":"2017-12-28T13:40:51","modified_gmt":"2017-12-28T15:40:51","slug":"posto-de-combustiveis-e-assaltado-por-dupla-no-vitorino-braga","status":"publish","type":"post","link":"https:\/\/diarioregionaldigital.com.br\/?p=88336","title":{"rendered":"Posto de combust\u00edveis \u00e9 assaltado por dupla no Vitorino Braga"},"content":{"rendered":"<p>Um posto de combust\u00edveis foi assaltado na noite desta quarta-feira, 27, no bairro Vitorino Braga, localizado na zona Leste da cidade.<\/p>\n<p>Segundo informa\u00e7\u00f5es da Pol\u00edcia Militar (PM), um funcion\u00e1rio do posto, de 34 anos, relatou que dois indiv\u00edduos com capuz encobrindo o rosto chegaram at\u00e9 o local e anunciaram o assalto.<\/p>\n<p>A dupla estava armada e levou a quantia de R$300 do caixa do estabelecimento.<\/p>\n<p>Ap\u00f3s o assalto fugiram a p\u00e9 em sentido \u00e0 Rua J\u00falio Modesto.<\/p>\n<p>A PM realizou buscas, mas os indiv\u00edduos n\u00e3o foram localizados.<\/p>\n","protected":false},"excerpt":{"rendered":"<p>Um posto de combust\u00edveis foi assaltado na noite desta quarta-feira, 27, no bairro Vitorino Braga, localizado na zona Leste da cidade. Segundo informa\u00e7\u00f5es da Pol\u00edcia Militar (PM), um funcion\u00e1rio do posto, de 34 anos, relatou que dois indiv\u00edduos com capuz encobrindo o rosto chegaram at\u00e9 o local e anunciaram o assalto. A dupla estava armada [&hellip;]<\/p>\n","protected":false},"author":96,"featured_media":88335,"comment_status":"closed","ping_status":"closed","sticky":false,"template":"","format":"standard","meta":{"footnotes":""},"categories":[301],"tags":[],"class_list":["post-88336","post","type-post","status-publish","format-standard","has-post-thumbnail","hentry","category-artigos-policiais"],"_links":{"self":[{"href":"https:\/\/diarioregionaldigital.com.br\/index.php?rest_route=\/wp\/v2\/posts\/88336","targetHints":{"allow":["GET"]}}],"collection":[{"href":"https:\/\/diarioregionaldigital.com.br\/index.php?rest_route=\/wp\/v2\/posts"}],"about":[{"href":"https:\/\/diarioregionaldigital.com.br\/index.php?rest_route=\/wp\/v2\/types\/post"}],"author":[{"embeddable":true,"href":"https:\/\/diarioregionaldigital.com.br\/index.php?rest_route=\/wp\/v2\/users\/96"}],"replies":[{"embeddable":true,"href":"https:\/\/diarioregionaldigital.com.br\/index.php?rest_route=%2Fwp%2Fv2%2Fcomments&post=88336"}],"version-history":[{"count":0,"href":"https:\/\/diarioregionaldigital.com.br\/index.php?rest_route=\/wp\/v2\/posts\/88336\/revisions"}],"wp:featuredmedia":[{"embeddable":true,"href":"https:\/\/diarioregionaldigital.com.br\/index.php?rest_route=\/wp\/v2\/media\/88335"}],"wp:attachment":[{"href":"https:\/\/diarioregionaldigital.com.br\/index.php?rest_route=%2Fwp%2Fv2%2Fmedia&parent=88336"}],"wp:term":[{"taxonomy":"category","embeddable":true,"href":"https:\/\/diarioregionaldigital.com.br\/index.php?rest_route=%2Fwp%2Fv2%2Fcategories&post=88336"},{"taxonomy":"post_tag","embeddable":true,"href":"https:\/\/diarioregionaldigital.com.br\/index.php?rest_route=%2Fwp%2Fv2%2Ftags&post=88336"}],"curies":[{"name":"wp","href":"https:\/\/api.w.org\/{rel}","templated":true}]}}