{"id":88334,"date":"2017-12-28T13:10:55","date_gmt":"2017-12-28T15:10:55","guid":{"rendered":"http:\/\/diarioregionaljf.com.br\/2017\/12\/28\/mulher-tem-casa-invadida-e-e-estuprada-no-bairro-grajau\/"},"modified":"2017-12-28T13:10:55","modified_gmt":"2017-12-28T15:10:55","slug":"mulher-tem-casa-invadida-e-e-estuprada-no-bairro-grajau","status":"publish","type":"post","link":"https:\/\/diarioregionaldigital.com.br\/?p=88334","title":{"rendered":"Mulher tem casa invadida e \u00e9 estuprada no bairro Graja\u00fa"},"content":{"rendered":"<p>Uma mulher de 36 anos teve sua resid\u00eancia invadida, foi assaltada e v\u00edtima de estupro na manh\u00e3 desta quarta-feira, 27, no bairro Graja\u00fa, localizado na zona Leste.<\/p>\n<p>De acordo com o registro de ocorr\u00eancia da Pol\u00edcia Militar (PM), a v\u00edtima encontrava-se no interior de sua casa quando um indiv\u00edduo desconhecido entrou no local a amea\u00e7ando e afirmando estar armado.<\/p>\n<p>O autor imobilizou a mulher e come\u00e7ou a perguntar por objetos de valor dentro da resid\u00eancia. Em determinado momento ele jogou a v\u00edtima em um sof\u00e1 da casa e manteve conjun\u00e7\u00e3o carnal com a mesma.<\/p>\n<p>Ap\u00f3s o crime o autor fugiu do local, levando um notebook e um aspirador de p\u00f3.<\/p>\n<p>A v\u00edtima foi encaminhada ao Hospital de Pronto Socorro (HPS), onde realizou exames, foi medicada e liberada.<\/p>\n<p>A PM segue na buscas pelo autor.<\/p>\n","protected":false},"excerpt":{"rendered":"<p>Uma mulher de 36 anos teve sua resid\u00eancia invadida, foi assaltada e v\u00edtima de estupro na manh\u00e3 desta quarta-feira, 27, no bairro Graja\u00fa, localizado na zona Leste. De acordo com o registro de ocorr\u00eancia da Pol\u00edcia Militar (PM), a v\u00edtima encontrava-se no interior de sua casa quando um indiv\u00edduo desconhecido entrou no local a amea\u00e7ando [&hellip;]<\/p>\n","protected":false},"author":96,"featured_media":88333,"comment_status":"closed","ping_status":"closed","sticky":false,"template":"","format":"standard","meta":{"footnotes":""},"categories":[301],"tags":[],"class_list":["post-88334","post","type-post","status-publish","format-standard","has-post-thumbnail","hentry","category-artigos-policiais"],"_links":{"self":[{"href":"https:\/\/diarioregionaldigital.com.br\/index.php?rest_route=\/wp\/v2\/posts\/88334","targetHints":{"allow":["GET"]}}],"collection":[{"href":"https:\/\/diarioregionaldigital.com.br\/index.php?rest_route=\/wp\/v2\/posts"}],"about":[{"href":"https:\/\/diarioregionaldigital.com.br\/index.php?rest_route=\/wp\/v2\/types\/post"}],"author":[{"embeddable":true,"href":"https:\/\/diarioregionaldigital.com.br\/index.php?rest_route=\/wp\/v2\/users\/96"}],"replies":[{"embeddable":true,"href":"https:\/\/diarioregionaldigital.com.br\/index.php?rest_route=%2Fwp%2Fv2%2Fcomments&post=88334"}],"version-history":[{"count":0,"href":"https:\/\/diarioregionaldigital.com.br\/index.php?rest_route=\/wp\/v2\/posts\/88334\/revisions"}],"wp:featuredmedia":[{"embeddable":true,"href":"https:\/\/diarioregionaldigital.com.br\/index.php?rest_route=\/wp\/v2\/media\/88333"}],"wp:attachment":[{"href":"https:\/\/diarioregionaldigital.com.br\/index.php?rest_route=%2Fwp%2Fv2%2Fmedia&parent=88334"}],"wp:term":[{"taxonomy":"category","embeddable":true,"href":"https:\/\/diarioregionaldigital.com.br\/index.php?rest_route=%2Fwp%2Fv2%2Fcategories&post=88334"},{"taxonomy":"post_tag","embeddable":true,"href":"https:\/\/diarioregionaldigital.com.br\/index.php?rest_route=%2Fwp%2Fv2%2Ftags&post=88334"}],"curies":[{"name":"wp","href":"https:\/\/api.w.org\/{rel}","templated":true}]}}