{"id":88332,"date":"2017-12-28T12:56:39","date_gmt":"2017-12-28T14:56:39","guid":{"rendered":"http:\/\/diarioregionaljf.com.br\/2017\/12\/28\/pjf-adia-para-janeiro-o-pagamento-dos-servidores-referente-a-dezembro\/"},"modified":"2017-12-28T12:56:39","modified_gmt":"2017-12-28T14:56:39","slug":"pjf-adia-para-janeiro-o-pagamento-dos-servidores-referente-a-dezembro","status":"publish","type":"post","link":"https:\/\/diarioregionaldigital.com.br\/?p=88332","title":{"rendered":"PJF adia para janeiro o pagamento dos servidores referente a dezembro"},"content":{"rendered":"<p>A Prefeitura Municipal de Juiz de Fora (PJF) informou por meio de nota na manh\u00e3 desta quinta-feira, 28, que o sal\u00e1rio do funcionalismo referente ao m\u00eas de dezembro ser\u00e1 pago no in\u00edcio de janeiro.<\/p>\n<p>De acordo com a nota a decis\u00e3o de adiar o pagamento para janeiro ocorreu em fun\u00e7\u00e3o da reten\u00e7\u00e3o dos repasses para o munic\u00edpio de Juiz de Fora pelo Estado de Minas Gerais. A PJF afirma que somente em dezembro, o atraso nos repasses do estado com a cidade totaliza mais de R$ 10 milh\u00f5es, provenientes da parcela que cabe ao munic\u00edpio do ICMS, IPVA e Fundeb.<\/p>\n<p>A Prefeitura garante que \u201cn\u00e3o medir\u00e1 esfor\u00e7os para garantir a libera\u00e7\u00e3o desses recursos, inclusive entrou com a\u00e7\u00e3o para reaver na Justi\u00e7a o que \u00e9 do munic\u00edpio por lei.\u201d<\/p>\n","protected":false},"excerpt":{"rendered":"<p>A Prefeitura Municipal de Juiz de Fora (PJF) informou por meio de nota na manh\u00e3 desta quinta-feira, 28, que o sal\u00e1rio do funcionalismo referente ao m\u00eas de dezembro ser\u00e1 pago no in\u00edcio de janeiro. De acordo com a nota a decis\u00e3o de adiar o pagamento para janeiro ocorreu em fun\u00e7\u00e3o da reten\u00e7\u00e3o dos repasses para [&hellip;]<\/p>\n","protected":false},"author":96,"featured_media":88331,"comment_status":"closed","ping_status":"closed","sticky":false,"template":"","format":"standard","meta":{"footnotes":""},"categories":[253],"tags":[],"class_list":["post-88332","post","type-post","status-publish","format-standard","has-post-thumbnail","hentry","category-cidade"],"_links":{"self":[{"href":"https:\/\/diarioregionaldigital.com.br\/index.php?rest_route=\/wp\/v2\/posts\/88332","targetHints":{"allow":["GET"]}}],"collection":[{"href":"https:\/\/diarioregionaldigital.com.br\/index.php?rest_route=\/wp\/v2\/posts"}],"about":[{"href":"https:\/\/diarioregionaldigital.com.br\/index.php?rest_route=\/wp\/v2\/types\/post"}],"author":[{"embeddable":true,"href":"https:\/\/diarioregionaldigital.com.br\/index.php?rest_route=\/wp\/v2\/users\/96"}],"replies":[{"embeddable":true,"href":"https:\/\/diarioregionaldigital.com.br\/index.php?rest_route=%2Fwp%2Fv2%2Fcomments&post=88332"}],"version-history":[{"count":0,"href":"https:\/\/diarioregionaldigital.com.br\/index.php?rest_route=\/wp\/v2\/posts\/88332\/revisions"}],"wp:featuredmedia":[{"embeddable":true,"href":"https:\/\/diarioregionaldigital.com.br\/index.php?rest_route=\/wp\/v2\/media\/88331"}],"wp:attachment":[{"href":"https:\/\/diarioregionaldigital.com.br\/index.php?rest_route=%2Fwp%2Fv2%2Fmedia&parent=88332"}],"wp:term":[{"taxonomy":"category","embeddable":true,"href":"https:\/\/diarioregionaldigital.com.br\/index.php?rest_route=%2Fwp%2Fv2%2Fcategories&post=88332"},{"taxonomy":"post_tag","embeddable":true,"href":"https:\/\/diarioregionaldigital.com.br\/index.php?rest_route=%2Fwp%2Fv2%2Ftags&post=88332"}],"curies":[{"name":"wp","href":"https:\/\/api.w.org\/{rel}","templated":true}]}}