{"id":88328,"date":"2017-12-27T22:00:29","date_gmt":"2017-12-28T00:00:29","guid":{"rendered":"http:\/\/diarioregionaljf.com.br\/2017\/12\/27\/conheca-as-vantagens-de-modificar-a-data-do-pedido-do-beneficio-para-ganhar-mais\/"},"modified":"2017-12-27T22:00:29","modified_gmt":"2017-12-28T00:00:29","slug":"conheca-as-vantagens-de-modificar-a-data-do-pedido-do-beneficio-para-ganhar-mais","status":"publish","type":"post","link":"https:\/\/diarioregionaldigital.com.br\/?p=88328","title":{"rendered":"Conhe\u00e7a as vantagens de modificar a data do pedido do benef\u00edcio para ganhar mais"},"content":{"rendered":"<p>A divulga\u00e7\u00e3o da nova tabela do fator previdenci\u00e1rio, realizada pela Previd\u00eancia Social, permite ao trabalhador que quer se aposentar por tempo de contribui\u00e7\u00e3o escolher a melhor data para pedir o benef\u00edcio. A escolha da Data de Entrada do Requerimento (DER) \u00e9 importante porque \u00e9 a partir dela que \u00e9 calculado o valor inicial da aposentadoria.<\/p>\n<p>A op\u00e7\u00e3o pela melhor data pode ser feita, inclusive, por quem agendou um pedido de aposentadoria e at\u00e9 j\u00e1 entregou a documenta\u00e7\u00e3o \u00e0 Previd\u00eancia. S\u00f3 n\u00e3o pode mudar a DER o segurado que j\u00e1 sacou o primeiro sal\u00e1rio.<\/p>\n<p>Em geral, n\u00e3o h\u00e1 vantagem em mudar a DER se o pedido foi feito at\u00e9 30 de novembro deste ano, pois a tabela do fator previdenci\u00e1rio v\u00e1lida desde 1\u00b0 de dezembro aumenta o desconto na renda do aposentado. Mas h\u00e1 duas exce\u00e7\u00f5es que podem tornar interessante a mudan\u00e7a da data do pedido se o segurado fizer anivers\u00e1rio enquanto espera a concess\u00e3o ou se, nesse intervalo ele completar os requisitos para ter o benef\u00edcio integral pela regra 85\/95, segundo o advogado R\u00f4mulo Saraiva.<\/p>\n<p>\u201cO aumento da idade do segurado pode elevar o valor da renda mensal, mesmo com nova tabela do fator\u201d. Afirma Saraiva. \u201cMas o segurado s\u00f3 deve alterar a DER se tiver certeza de que haver\u00e1 melhora no benef\u00edcio\u201d, orienta. Para fazer esse c\u00e1lculo, o segurado precisa utilizar a tabela do fator previdenci\u00e1rio 2018, que est\u00e1 dispon\u00edvel no site da <a href=\"previd\u00eancia.gov.br\">Previd\u00eancia Social<\/a>.<\/p>\n<p>Alguns segurados, por\u00e9m, podem ter dificuldade para realizar esse c\u00e1lculo. \u201cOs funcion\u00e1rios do INSS n\u00e3o costumam fazer essa conta para quem vai ao posto\u201d, diz Saraiva. Uma op\u00e7\u00e3o \u00e9 usar o simulador no <a href=\"portal.inss.gov.br\">site do INSS<\/a>.<\/p>\n<p>Ap\u00f3s ter certeza de que levar\u00e1 vantagem com a mudan\u00e7a da DER, o segurado pode entregar o pedido por escrito na ag\u00eancia do INSS.<\/p>\n<hr \/>\n<p>&nbsp;<\/p>\n","protected":false},"excerpt":{"rendered":"<p>A divulga\u00e7\u00e3o da nova tabela do fator previdenci\u00e1rio, realizada pela Previd\u00eancia Social, permite ao trabalhador que quer se aposentar por tempo de contribui\u00e7\u00e3o escolher a melhor data para pedir o benef\u00edcio. A escolha da Data de Entrada do Requerimento (DER) \u00e9 importante porque \u00e9 a partir dela que \u00e9 calculado o valor inicial da aposentadoria. [&hellip;]<\/p>\n","protected":false},"author":96,"featured_media":88327,"comment_status":"closed","ping_status":"closed","sticky":false,"template":"","format":"standard","meta":{"footnotes":""},"categories":[261],"tags":[],"class_list":["post-88328","post","type-post","status-publish","format-standard","has-post-thumbnail","hentry","category-economia"],"_links":{"self":[{"href":"https:\/\/diarioregionaldigital.com.br\/index.php?rest_route=\/wp\/v2\/posts\/88328","targetHints":{"allow":["GET"]}}],"collection":[{"href":"https:\/\/diarioregionaldigital.com.br\/index.php?rest_route=\/wp\/v2\/posts"}],"about":[{"href":"https:\/\/diarioregionaldigital.com.br\/index.php?rest_route=\/wp\/v2\/types\/post"}],"author":[{"embeddable":true,"href":"https:\/\/diarioregionaldigital.com.br\/index.php?rest_route=\/wp\/v2\/users\/96"}],"replies":[{"embeddable":true,"href":"https:\/\/diarioregionaldigital.com.br\/index.php?rest_route=%2Fwp%2Fv2%2Fcomments&post=88328"}],"version-history":[{"count":0,"href":"https:\/\/diarioregionaldigital.com.br\/index.php?rest_route=\/wp\/v2\/posts\/88328\/revisions"}],"wp:featuredmedia":[{"embeddable":true,"href":"https:\/\/diarioregionaldigital.com.br\/index.php?rest_route=\/wp\/v2\/media\/88327"}],"wp:attachment":[{"href":"https:\/\/diarioregionaldigital.com.br\/index.php?rest_route=%2Fwp%2Fv2%2Fmedia&parent=88328"}],"wp:term":[{"taxonomy":"category","embeddable":true,"href":"https:\/\/diarioregionaldigital.com.br\/index.php?rest_route=%2Fwp%2Fv2%2Fcategories&post=88328"},{"taxonomy":"post_tag","embeddable":true,"href":"https:\/\/diarioregionaldigital.com.br\/index.php?rest_route=%2Fwp%2Fv2%2Ftags&post=88328"}],"curies":[{"name":"wp","href":"https:\/\/api.w.org\/{rel}","templated":true}]}}