{"id":88312,"date":"2017-12-27T21:09:23","date_gmt":"2017-12-27T23:09:23","guid":{"rendered":"http:\/\/diarioregionaljf.com.br\/2017\/12\/27\/em-jf\/"},"modified":"2017-12-27T21:09:23","modified_gmt":"2017-12-27T23:09:23","slug":"em-jf","status":"publish","type":"post","link":"https:\/\/diarioregionaldigital.com.br\/?p=88312","title":{"rendered":"Em JF"},"content":{"rendered":"<p style=\"text-align: center;\"><span class=\"h4\">Boa Not\u00edcia<\/span><br \/>O mundo colorido de Juiz de Fora est\u00e1 em festa. O professor e produtor cultural, Marcelo do Carmo, comunicou a aprova\u00e7\u00e3o de dois projetos pela Lei de Incentivo Fiscal de Minas em eventos LGBT. O 38\u00ba Miss Brasil Gay (com capta\u00e7\u00e3o de R$165 mil) e a 2\u00aa Semana Rainbow da UFJF (com R$172 mil). Fechou o ano com chave de ouro.<\/p>\n<p style=\"text-align: center;\"><span class=\"h4\">Em JF<\/span><br \/>Din\u00e2mico e preciso, o secret\u00e1rio de Desenvolvimento Integrado e F\u00f3runs Regionais, Wadson Ribeiro desembarcou em Juiz de Fora para entregar a carteira nacional do artes\u00e3o e do trabalhador manual a 170 profissionais. Em tempo de crise econ\u00f4mica, o artes\u00e3o tem merecido real valor.<\/p>\n<p style=\"text-align: center;\"><span class=\"h4\">Voc\u00ea Sabia?<\/span><br \/>Entrave: no dia em que credores come\u00e7aram a analisar o plano de recupera\u00e7\u00e3o da Oi, a Advocacia Geral da Uni\u00e3o afirmou que, mesmo se a proposta for aprovada, pode cobrar R$14 bilh\u00f5es na Justi\u00e7a.<\/p>\n<p style=\"text-align: center;\"><span class=\"h4\">Foco Paulista<\/span><br \/>Descartado inicialmente como \u201cplano B\u201d do PT em caso de condena\u00e7\u00e3o de Lula em segunda inst\u00e2ncia o ex-prefeito Fernando Haddad volta a subir na bolsa de apostas como candidato a substituir o ex-presidente na elei\u00e7\u00e3o presidencial. A estrat\u00e9gia \u00e9 n\u00e3o para vencer a elei\u00e7\u00e3o, mas para ajudar o PT formar bancada e sobreviver.<\/p>\n<p style=\"text-align: center;\"><span class=\"h4\">Olha S\u00f3<\/span><br \/>Sem o incentivo da reforma da Previd\u00eancia no horizonte, o governo decidiu usar outras ferramentas para estimular a economia. O Banco Central decidiu liberar R$ 6,5 bilh\u00f5es para que os bancos emprestem mais. Assim, a autarquia quer fazer com que a queda dos juros \u2013 que come\u00e7ou em outubro do ano passado \u2013 seja, enfim, sentida pelo consumidor, e que as fam\u00edlias voltem a ter o cr\u00e9dito.<\/p>\n<p style=\"text-align: center;\"><img decoding=\"async\" class=\" size-full wp-image-88299\" src=\"http:\/\/diarioregionaljf.com.br\/wp-content\/uploads\/2017\/12\/diario-int-22529-1.jpg\" alt=\"fotoa.jpg\" width=\"680\" style=\"display: block; margin-left: auto; margin-right: auto;\" srcset=\"https:\/\/diarioregionaldigital.com.br\/wp-content\/uploads\/2017\/12\/diario-int-22529-1.jpg 680w, https:\/\/diarioregionaldigital.com.br\/wp-content\/uploads\/2017\/12\/diario-int-22529-1-266x300.jpg 266w, https:\/\/diarioregionaldigital.com.br\/wp-content\/uploads\/2017\/12\/diario-int-22529-1-360x407.jpg 360w\" sizes=\"(max-width: 680px) 100vw, 680px\" \/>Lindas no Natal da Delfim Moreira, Maria Eduarda e Valentina Marques Hermes com sua m\u00e3e Grazi Hermes<\/p>\n<p style=\"text-align: center;\"><img decoding=\"async\" class=\" size-full wp-image-88300\" src=\"http:\/\/diarioregionaljf.com.br\/wp-content\/uploads\/2017\/12\/diario-int-22529-2.jpg\" alt=\"fotob.jpg\" width=\"680\" style=\"display: block; margin-left: auto; margin-right: auto;\" srcset=\"https:\/\/diarioregionaldigital.com.br\/wp-content\/uploads\/2017\/12\/diario-int-22529-2.jpg 680w, https:\/\/diarioregionaldigital.com.br\/wp-content\/uploads\/2017\/12\/diario-int-22529-2-300x199.jpg 300w, https:\/\/diarioregionaldigital.com.br\/wp-content\/uploads\/2017\/12\/diario-int-22529-2-360x238.jpg 360w\" sizes=\"(max-width: 680px) 100vw, 680px\" \/>No Privil\u00e9ge, a gera\u00e7\u00e3o sa\u00fade, Jo\u00e3o Victor Munck, Rodrigo Brigatto e Rodrigo Machado<\/p>\n<p style=\"text-align: center;\"><img decoding=\"async\" class=\" size-full wp-image-88301\" src=\"http:\/\/diarioregionaljf.com.br\/wp-content\/uploads\/2017\/12\/diario-int-22529-3.jpg\" alt=\"fotoc.jpg\" width=\"680\" style=\"display: block; margin-left: auto; margin-right: auto;\" srcset=\"https:\/\/diarioregionaldigital.com.br\/wp-content\/uploads\/2017\/12\/diario-int-22529-3.jpg 680w, https:\/\/diarioregionaldigital.com.br\/wp-content\/uploads\/2017\/12\/diario-int-22529-3-300x199.jpg 300w, https:\/\/diarioregionaldigital.com.br\/wp-content\/uploads\/2017\/12\/diario-int-22529-3-360x238.jpg 360w\" sizes=\"(max-width: 680px) 100vw, 680px\" \/>Comemorando sucesso em 2017, M\u00e1rcio Marques, Sandra Portella e Ricardo Souza<\/p>\n<p style=\"text-align: center;\"><img decoding=\"async\" class=\" size-full wp-image-88302\" src=\"http:\/\/diarioregionaljf.com.br\/wp-content\/uploads\/2017\/12\/diario-int-22529-4.jpg\" alt=\"fotod.jpg\" width=\"680\" style=\"display: block; margin-left: auto; margin-right: auto;\" srcset=\"https:\/\/diarioregionaldigital.com.br\/wp-content\/uploads\/2017\/12\/diario-int-22529-4.jpg 680w, https:\/\/diarioregionaldigital.com.br\/wp-content\/uploads\/2017\/12\/diario-int-22529-4-300x203.jpg 300w, https:\/\/diarioregionaldigital.com.br\/wp-content\/uploads\/2017\/12\/diario-int-22529-4-360x244.jpg 360w\" sizes=\"(max-width: 680px) 100vw, 680px\" \/>Recebendo o \u201cPr\u00eamio Marcelo Mostaro\u201d, no CES\/JF, no desfile Devaneios, o estilista Edson Paula vestiu Nathiele Praxedes<\/p>\n<p style=\"text-align: center;\"><img decoding=\"async\" class=\" size-full wp-image-88303\" src=\"http:\/\/diarioregionaljf.com.br\/wp-content\/uploads\/2017\/12\/diario-int-22529-5.jpg\" alt=\"fotoe.jpg\" width=\"680\" style=\"display: block; margin-left: auto; margin-right: auto;\" srcset=\"https:\/\/diarioregionaldigital.com.br\/wp-content\/uploads\/2017\/12\/diario-int-22529-5.jpg 680w, https:\/\/diarioregionaldigital.com.br\/wp-content\/uploads\/2017\/12\/diario-int-22529-5-300x199.jpg 300w, https:\/\/diarioregionaldigital.com.br\/wp-content\/uploads\/2017\/12\/diario-int-22529-5-360x238.jpg 360w\" sizes=\"(max-width: 680px) 100vw, 680px\" \/>No Espa\u00e7o Unique, Gabriel Gervason e D\u00e9bora Giotti de Paula<\/p>\n<p style=\"text-align: center;\"><img decoding=\"async\" class=\" size-full wp-image-88304\" src=\"http:\/\/diarioregionaljf.com.br\/wp-content\/uploads\/2017\/12\/diario-int-22529-6.jpg\" alt=\"fotof.jpg\" width=\"680\" style=\"display: block; margin-left: auto; margin-right: auto;\" srcset=\"https:\/\/diarioregionaldigital.com.br\/wp-content\/uploads\/2017\/12\/diario-int-22529-6.jpg 680w, https:\/\/diarioregionaldigital.com.br\/wp-content\/uploads\/2017\/12\/diario-int-22529-6-300x199.jpg 300w, https:\/\/diarioregionaldigital.com.br\/wp-content\/uploads\/2017\/12\/diario-int-22529-6-360x238.jpg 360w\" sizes=\"(max-width: 680px) 100vw, 680px\" \/>Na final da Copa Zico Ver\u00e3o, Arthur Coimbra (Zico) e Ju Nega<\/p>\n<p style=\"text-align: center;\"><img decoding=\"async\" class=\" size-full wp-image-88305\" src=\"http:\/\/diarioregionaljf.com.br\/wp-content\/uploads\/2017\/12\/diario-int-22529-7.jpg\" alt=\"fotog.jpg\" width=\"680\" style=\"display: block; margin-left: auto; margin-right: auto;\" srcset=\"https:\/\/diarioregionaldigital.com.br\/wp-content\/uploads\/2017\/12\/diario-int-22529-7.jpg 680w, https:\/\/diarioregionaldigital.com.br\/wp-content\/uploads\/2017\/12\/diario-int-22529-7-300x199.jpg 300w, https:\/\/diarioregionaldigital.com.br\/wp-content\/uploads\/2017\/12\/diario-int-22529-7-360x238.jpg 360w\" sizes=\"(max-width: 680px) 100vw, 680px\" \/>A diva cantora Rosemary e Toninho Cunha, na Mangueira<\/p>\n<p style=\"text-align: center;\"><img decoding=\"async\" class=\" size-full wp-image-88306\" src=\"http:\/\/diarioregionaljf.com.br\/wp-content\/uploads\/2017\/12\/diario-int-22529-8.jpg\" alt=\"fotoi.jpg\" width=\"680\" style=\"display: block; margin-left: auto; margin-right: auto;\" srcset=\"https:\/\/diarioregionaldigital.com.br\/wp-content\/uploads\/2017\/12\/diario-int-22529-8.jpg 680w, https:\/\/diarioregionaldigital.com.br\/wp-content\/uploads\/2017\/12\/diario-int-22529-8-300x199.jpg 300w, https:\/\/diarioregionaldigital.com.br\/wp-content\/uploads\/2017\/12\/diario-int-22529-8-360x238.jpg 360w\" sizes=\"(max-width: 680px) 100vw, 680px\" \/>Viva os m\u00fasicos de 2017, no Bar do Lu\u00eds, Thiago Miranda, Marilene Rachel, Bebeto e Salim<\/p>\n<p style=\"text-align: center;\"><img decoding=\"async\" class=\" size-full wp-image-88307\" src=\"http:\/\/diarioregionaljf.com.br\/wp-content\/uploads\/2017\/12\/diario-int-22529-9.jpg\" alt=\"fotoj.jpg\" width=\"680\" style=\"display: block; margin-left: auto; margin-right: auto;\" srcset=\"https:\/\/diarioregionaldigital.com.br\/wp-content\/uploads\/2017\/12\/diario-int-22529-9.jpg 680w, https:\/\/diarioregionaldigital.com.br\/wp-content\/uploads\/2017\/12\/diario-int-22529-9-300x243.jpg 300w, https:\/\/diarioregionaldigital.com.br\/wp-content\/uploads\/2017\/12\/diario-int-22529-9-360x291.jpg 360w\" sizes=\"(max-width: 680px) 100vw, 680px\" \/>Elegantes encerrando o ano na Assunta, Florinha Carmo, Maria Pires e Marialva Passos<\/p>\n<p style=\"text-align: center;\"><img decoding=\"async\" class=\" size-full wp-image-88308\" src=\"http:\/\/diarioregionaljf.com.br\/wp-content\/uploads\/2017\/12\/diario-int-22529-10.jpg\" alt=\"fotom.jpg\" width=\"680\" style=\"display: block; margin-left: auto; margin-right: auto;\" srcset=\"https:\/\/diarioregionaldigital.com.br\/wp-content\/uploads\/2017\/12\/diario-int-22529-10.jpg 680w, https:\/\/diarioregionaldigital.com.br\/wp-content\/uploads\/2017\/12\/diario-int-22529-10-300x197.jpg 300w, https:\/\/diarioregionaldigital.com.br\/wp-content\/uploads\/2017\/12\/diario-int-22529-10-360x236.jpg 360w\" sizes=\"(max-width: 680px) 100vw, 680px\" \/>Val\u00e9ria Dias e Cl\u00e1udia Matos, comemorando o sucesso da Vag\u00e3o de Pizza em 2017<\/p>\n<p style=\"text-align: center;\"><img decoding=\"async\" class=\" size-full wp-image-88309\" src=\"http:\/\/diarioregionaljf.com.br\/wp-content\/uploads\/2017\/12\/diario-int-22529-11.jpg\" alt=\"fotoaa.jpg\" width=\"680\" style=\"display: block; margin-left: auto; margin-right: auto;\" srcset=\"https:\/\/diarioregionaldigital.com.br\/wp-content\/uploads\/2017\/12\/diario-int-22529-11.jpg 680w, https:\/\/diarioregionaldigital.com.br\/wp-content\/uploads\/2017\/12\/diario-int-22529-11-300x169.jpg 300w, https:\/\/diarioregionaldigital.com.br\/wp-content\/uploads\/2017\/12\/diario-int-22529-11-360x203.jpg 360w\" sizes=\"(max-width: 680px) 100vw, 680px\" \/>Encerrando 2017, com m\u00fasica boa, a estrelada Banda Blessed<\/p>\n<p style=\"text-align: center;\"><img decoding=\"async\" class=\" size-full wp-image-88310\" src=\"http:\/\/diarioregionaljf.com.br\/wp-content\/uploads\/2017\/12\/diario-int-22529-12.jpg\" alt=\"fotobb.jpg\" width=\"680\" style=\"display: block; margin-left: auto; margin-right: auto;\" srcset=\"https:\/\/diarioregionaldigital.com.br\/wp-content\/uploads\/2017\/12\/diario-int-22529-12.jpg 680w, https:\/\/diarioregionaldigital.com.br\/wp-content\/uploads\/2017\/12\/diario-int-22529-12-266x300.jpg 266w, https:\/\/diarioregionaldigital.com.br\/wp-content\/uploads\/2017\/12\/diario-int-22529-12-360x407.jpg 360w\" sizes=\"(max-width: 680px) 100vw, 680px\" \/>Cac\u00e1 Salermo contabilizou sucesso com sua coluna virtual em 2017<\/p>\n<p style=\"text-align: center;\"><img decoding=\"async\" class=\" size-full wp-image-88311\" src=\"http:\/\/diarioregionaljf.com.br\/wp-content\/uploads\/2017\/12\/diario-int-22529-13.jpg\" alt=\"fotocc.jpg\" width=\"680\" style=\"display: block; margin-left: auto; margin-right: auto;\" srcset=\"https:\/\/diarioregionaldigital.com.br\/wp-content\/uploads\/2017\/12\/diario-int-22529-13.jpg 680w, https:\/\/diarioregionaldigital.com.br\/wp-content\/uploads\/2017\/12\/diario-int-22529-13-266x300.jpg 266w, https:\/\/diarioregionaldigital.com.br\/wp-content\/uploads\/2017\/12\/diario-int-22529-13-360x407.jpg 360w\" sizes=\"(max-width: 680px) 100vw, 680px\" \/>Colhendo sucesso o estilista 2017, Rafael Matioli<\/p>\n","protected":false},"excerpt":{"rendered":"<p>Boa Not\u00edciaO mundo colorido de Juiz de Fora est\u00e1 em festa. O professor e produtor cultural, Marcelo do Carmo, comunicou a aprova\u00e7\u00e3o de dois projetos pela Lei de Incentivo Fiscal de Minas em eventos LGBT. O 38\u00ba Miss Brasil Gay (com capta\u00e7\u00e3o de R$165 mil) e a 2\u00aa Semana Rainbow da UFJF (com R$172 mil). [&hellip;]<\/p>\n","protected":false},"author":96,"featured_media":88298,"comment_status":"closed","ping_status":"closed","sticky":false,"template":"","format":"standard","meta":{"footnotes":""},"categories":[264],"tags":[],"class_list":["post-88312","post","type-post","status-publish","format-standard","has-post-thumbnail","hentry","category-eduardo-gomes"],"_links":{"self":[{"href":"https:\/\/diarioregionaldigital.com.br\/index.php?rest_route=\/wp\/v2\/posts\/88312","targetHints":{"allow":["GET"]}}],"collection":[{"href":"https:\/\/diarioregionaldigital.com.br\/index.php?rest_route=\/wp\/v2\/posts"}],"about":[{"href":"https:\/\/diarioregionaldigital.com.br\/index.php?rest_route=\/wp\/v2\/types\/post"}],"author":[{"embeddable":true,"href":"https:\/\/diarioregionaldigital.com.br\/index.php?rest_route=\/wp\/v2\/users\/96"}],"replies":[{"embeddable":true,"href":"https:\/\/diarioregionaldigital.com.br\/index.php?rest_route=%2Fwp%2Fv2%2Fcomments&post=88312"}],"version-history":[{"count":0,"href":"https:\/\/diarioregionaldigital.com.br\/index.php?rest_route=\/wp\/v2\/posts\/88312\/revisions"}],"wp:featuredmedia":[{"embeddable":true,"href":"https:\/\/diarioregionaldigital.com.br\/index.php?rest_route=\/wp\/v2\/media\/88298"}],"wp:attachment":[{"href":"https:\/\/diarioregionaldigital.com.br\/index.php?rest_route=%2Fwp%2Fv2%2Fmedia&parent=88312"}],"wp:term":[{"taxonomy":"category","embeddable":true,"href":"https:\/\/diarioregionaldigital.com.br\/index.php?rest_route=%2Fwp%2Fv2%2Fcategories&post=88312"},{"taxonomy":"post_tag","embeddable":true,"href":"https:\/\/diarioregionaldigital.com.br\/index.php?rest_route=%2Fwp%2Fv2%2Ftags&post=88312"}],"curies":[{"name":"wp","href":"https:\/\/api.w.org\/{rel}","templated":true}]}}