{"id":88297,"date":"2017-12-27T21:00:26","date_gmt":"2017-12-27T23:00:26","guid":{"rendered":"http:\/\/diarioregionaljf.com.br\/2017\/12\/27\/ronaldo-nogueira-pede-demissao-do-ministerio-do-trabalho\/"},"modified":"2017-12-27T21:00:26","modified_gmt":"2017-12-27T23:00:26","slug":"ronaldo-nogueira-pede-demissao-do-ministerio-do-trabalho","status":"publish","type":"post","link":"https:\/\/diarioregionaldigital.com.br\/?p=88297","title":{"rendered":"Ronaldo Nogueira pede demiss\u00e3o do Minist\u00e9rio do Trabalho"},"content":{"rendered":"<p>O ministro do Trabalho, Ronaldo Nogueira, pediu demiss\u00e3o hoje, 27. A sa\u00edda de Nogueira do cargo foi confirmada pelo Pal\u00e1cio do Planalto ap\u00f3s reuni\u00e3o dele com o presidente da Rep\u00fablica, Michel Temer.<\/p>\n<p>Nogueira volta \u00e0 C\u00e2mara dos Deputados, onde retoma seu mandato pelo PTB do Rio Grande do Sul. Ele comandava o Minist\u00e9rio do Trabalho desde maio de 2016.<\/p>\n<p>O \u00faltimo ato de Nogueira no cargo foi a divulga\u00e7\u00e3o dos dados de novembro do Cadastro Geral de Empregados e Desempregados (Caged), que mostram o fechamento de 12 mil postos de trabalho.<\/p>\n<p>Durante a gest\u00e3o de Nogueira, entrou em vigor a nova lei trabalhista. Considerada pelo governo umas das mais importantes medidas de est\u00edmulo \u00e0 gera\u00e7\u00e3o de empregos, a reforma s\u00f3 foi aprovada ap\u00f3s muita resist\u00eancia da oposi\u00e7\u00e3o e em meio a pol\u00eamicas sobre as mudan\u00e7as na lei.<\/p>\n<p>&nbsp;<\/p>\n<p>Fonte: Ag\u00eancia Brasil<\/p>\n","protected":false},"excerpt":{"rendered":"<p>O ministro do Trabalho, Ronaldo Nogueira, pediu demiss\u00e3o hoje, 27. A sa\u00edda de Nogueira do cargo foi confirmada pelo Pal\u00e1cio do Planalto ap\u00f3s reuni\u00e3o dele com o presidente da Rep\u00fablica, Michel Temer. Nogueira volta \u00e0 C\u00e2mara dos Deputados, onde retoma seu mandato pelo PTB do Rio Grande do Sul. Ele comandava o Minist\u00e9rio do Trabalho [&hellip;]<\/p>\n","protected":false},"author":96,"featured_media":88296,"comment_status":"closed","ping_status":"closed","sticky":false,"template":"","format":"standard","meta":{"footnotes":""},"categories":[254],"tags":[],"class_list":["post-88297","post","type-post","status-publish","format-standard","has-post-thumbnail","hentry","category-politica"],"_links":{"self":[{"href":"https:\/\/diarioregionaldigital.com.br\/index.php?rest_route=\/wp\/v2\/posts\/88297","targetHints":{"allow":["GET"]}}],"collection":[{"href":"https:\/\/diarioregionaldigital.com.br\/index.php?rest_route=\/wp\/v2\/posts"}],"about":[{"href":"https:\/\/diarioregionaldigital.com.br\/index.php?rest_route=\/wp\/v2\/types\/post"}],"author":[{"embeddable":true,"href":"https:\/\/diarioregionaldigital.com.br\/index.php?rest_route=\/wp\/v2\/users\/96"}],"replies":[{"embeddable":true,"href":"https:\/\/diarioregionaldigital.com.br\/index.php?rest_route=%2Fwp%2Fv2%2Fcomments&post=88297"}],"version-history":[{"count":0,"href":"https:\/\/diarioregionaldigital.com.br\/index.php?rest_route=\/wp\/v2\/posts\/88297\/revisions"}],"wp:featuredmedia":[{"embeddable":true,"href":"https:\/\/diarioregionaldigital.com.br\/index.php?rest_route=\/wp\/v2\/media\/88296"}],"wp:attachment":[{"href":"https:\/\/diarioregionaldigital.com.br\/index.php?rest_route=%2Fwp%2Fv2%2Fmedia&parent=88297"}],"wp:term":[{"taxonomy":"category","embeddable":true,"href":"https:\/\/diarioregionaldigital.com.br\/index.php?rest_route=%2Fwp%2Fv2%2Fcategories&post=88297"},{"taxonomy":"post_tag","embeddable":true,"href":"https:\/\/diarioregionaldigital.com.br\/index.php?rest_route=%2Fwp%2Fv2%2Ftags&post=88297"}],"curies":[{"name":"wp","href":"https:\/\/api.w.org\/{rel}","templated":true}]}}