{"id":88295,"date":"2017-12-27T20:45:30","date_gmt":"2017-12-27T22:45:30","guid":{"rendered":"http:\/\/diarioregionaljf.com.br\/2017\/12\/27\/presidente-do-sindicomercio-define-2018-como-ano-da-inovacao-e-mudancas-no-setor\/"},"modified":"2017-12-27T20:45:30","modified_gmt":"2017-12-27T22:45:30","slug":"presidente-do-sindicomercio-define-2018-como-ano-da-inovacao-e-mudancas-no-setor","status":"publish","type":"post","link":"https:\/\/diarioregionaldigital.com.br\/?p=88295","title":{"rendered":"Presidente do Sindicom\u00e9rcio define 2018 como ano da inova\u00e7\u00e3o e mudan\u00e7as no setor"},"content":{"rendered":"<p>O Di\u00e1rio Regional tem publicado uma s\u00e9rie de reportagens na qual fazemos um balan\u00e7o de 2017 e contamos as expectativas para o pr\u00f3ximo ano em v\u00e1rios segmentos da cidade. Nas duas mat\u00e9rias anteriores, n\u00f3s conversamos com o superintendente da Funda\u00e7\u00e3o Cultural Alfredo Ferreira Lage (Funalfa), R\u00f4mulo Veiga, e o reitor da Universidade Federal de Juiz de Fora (UFJF), Marcus David. Nesta terceira reportagem, entrevistamos o presidente do Sindicato do Com\u00e9rcio de Juiz de Fora (Sindicom\u00e9rcio-JF), Emerson Beloti.<\/p>\n<p>Conforme o sindicalista, 2017 foi um ano de recupera\u00e7\u00e3o. \u201cAno passado foi como se tiv\u00e9ssemos ca\u00eddo em queda livre sem p\u00e1ra-quedas. Em 2017, n\u00f3s paramos de cair, mas n\u00e3o conseguimos proporcionar empregabilidade suficiente. O n\u00famero de desempregados \u00e9 alto e isso \u00e9 ruim, pois se o com\u00e9rcio, que \u00e9 o maior agente empregador, n\u00e3o emprega, n\u00e3o temos consumo. Temos que mudar o curso dessa bola de neve para que as pessoas sejam empregadas, estimulando o consumo\u201d, afirmou Beloti.<\/p>\n<p>Para ele, o pr\u00f3ximo ano ainda ser\u00e1 de recupera\u00e7\u00e3o. \u201cA gente tem que visualizar para um futuro mais distante e n\u00e3o para o imediatismo. Acredito que o processo de recupera\u00e7\u00e3o ocorrer\u00e1 pelos pr\u00f3ximos tr\u00eas anos. Ap\u00f3s esse per\u00edodo, a economia voltar\u00e1 a ter puls\u00e3o, a menos que ocorra algo que fa\u00e7a evoluir t\u00e3o r\u00e1pido, pois \u00e9 mais f\u00e1cil cair do que se levantar\u201d, disse.<\/p>\n<p>Beloti ponderou que nesse per\u00edodo em que a economia est\u00e1 \u201cruim\u201d, os empres\u00e1rios enfrentam problemas para conseguir empr\u00e9stimos que s\u00e3o usados para investir nos neg\u00f3cios. \u201cOs empres\u00e1rios, de certa forma, para continuar crescendo, precisam buscar investimentos atrav\u00e9s de empr\u00e9stimos, por\u00e9m as taxas ainda n\u00e3o ajudam que eles possam ter velocidade no crescimento. As empresas grandes conseguem operar empr\u00e9stimos com taxas pequenas, mas os pequenos empres\u00e1rios ou aqueles que est\u00e3o come\u00e7ando n\u00e3o tem essa for\u00e7a\u201d, afirmou o sindicalista. \u201cEm um cen\u00e1rio positivo, voc\u00ea n\u00e3o precisa de banco, mas quando a economia est\u00e1 ruim, voc\u00ea tem que se arriscar e o empres\u00e1rio do com\u00e9rcio aposta. Se n\u00e3o ousar, o neg\u00f3cio dele n\u00e3o prospera\u201d, acrescentou.<\/p>\n<p>Para auxiliar os comerciantes, o Sindicato fomenta o empreendedorismo. \u201cO papel fundamental do Sindicom\u00e9rcio \u00e9 dar as condi\u00e7\u00f5es e fomento necess\u00e1rios para o que o clima esteja bom para que o empres\u00e1rio possa se desenvolver\u201d, afirmou Beloti. Para isso, por exemplo, a entidade oferece palestras para divulgar informa\u00e7\u00f5es importantes, como fez, este ano, quando foram implantadas as mudan\u00e7as nas leis trabalhistas.<\/p>\n<p>&nbsp;<\/p>\n<h4>DESEMPREGO EM 2018<\/h4>\n<p>Mesmo sendo um ano de recupera\u00e7\u00e3o, o desemprego deve cair, segundo o sindicalista. \u201cEu acredito que vamos fechar o pr\u00f3ximo ano perto dos nove milh\u00f5es de desempregados, ante os 12,5 milh\u00f5es que temos atualmente. Ainda \u00e9 uma taxa alta, mas j\u00e1 simboliza uma recupera\u00e7\u00e3o\u201d, afirmou. Ele tamb\u00e9m acredita que alguns setores da economia devem crescer mais que o pr\u00f3prio mercado.<\/p>\n<p>&nbsp;<\/p>\n<h4>ORIENTA\u00c7\u00d5ES<\/h4>\n<p>O presidente do Sindicato definiu 2018 como o ano das mudan\u00e7as e inova\u00e7\u00e3o. \u201cOs empres\u00e1rios v\u00e3o ter que inovar em seus estabelecimentos, por exemplo, comercializando novos produtos dentro de sua linha de atua\u00e7\u00e3o. Al\u00e9m disso, ser\u00e1 necess\u00e1rio fazer um atendimento diferencializado para atrair o consumidor e competir com a internet\u201d, afirmou Beloti. \u201cO e-commerce atrai o p\u00fablico com os pre\u00e7os, por isso, para combater, \u00e9 preciso que eles apostem no atendimento personalizado\u201d, completou.<\/p>\n<p>Por isso, no pr\u00f3ximo ano, o Sindicato vai trabalhar nessa linha. \u201cO empres\u00e1rio precisa ter a capacidade de saber que \u00e9 necess\u00e1rio mudar. Se n\u00e3o est\u00e1 ganhando mais do jeito que ganhava, ent\u00e3o tem mudar o jeito de trabalhar\u201d, frisou.<\/p>\n<p>&nbsp;<\/p>\n","protected":false},"excerpt":{"rendered":"<p>O Di\u00e1rio Regional tem publicado uma s\u00e9rie de reportagens na qual fazemos um balan\u00e7o de 2017 e contamos as expectativas para o pr\u00f3ximo ano em v\u00e1rios segmentos da cidade. Nas duas mat\u00e9rias anteriores, n\u00f3s conversamos com o superintendente da Funda\u00e7\u00e3o Cultural Alfredo Ferreira Lage (Funalfa), R\u00f4mulo Veiga, e o reitor da Universidade Federal de Juiz [&hellip;]<\/p>\n","protected":false},"author":96,"featured_media":88294,"comment_status":"closed","ping_status":"closed","sticky":false,"template":"","format":"standard","meta":{"footnotes":""},"categories":[253],"tags":[],"class_list":["post-88295","post","type-post","status-publish","format-standard","has-post-thumbnail","hentry","category-cidade"],"_links":{"self":[{"href":"https:\/\/diarioregionaldigital.com.br\/index.php?rest_route=\/wp\/v2\/posts\/88295","targetHints":{"allow":["GET"]}}],"collection":[{"href":"https:\/\/diarioregionaldigital.com.br\/index.php?rest_route=\/wp\/v2\/posts"}],"about":[{"href":"https:\/\/diarioregionaldigital.com.br\/index.php?rest_route=\/wp\/v2\/types\/post"}],"author":[{"embeddable":true,"href":"https:\/\/diarioregionaldigital.com.br\/index.php?rest_route=\/wp\/v2\/users\/96"}],"replies":[{"embeddable":true,"href":"https:\/\/diarioregionaldigital.com.br\/index.php?rest_route=%2Fwp%2Fv2%2Fcomments&post=88295"}],"version-history":[{"count":0,"href":"https:\/\/diarioregionaldigital.com.br\/index.php?rest_route=\/wp\/v2\/posts\/88295\/revisions"}],"wp:featuredmedia":[{"embeddable":true,"href":"https:\/\/diarioregionaldigital.com.br\/index.php?rest_route=\/wp\/v2\/media\/88294"}],"wp:attachment":[{"href":"https:\/\/diarioregionaldigital.com.br\/index.php?rest_route=%2Fwp%2Fv2%2Fmedia&parent=88295"}],"wp:term":[{"taxonomy":"category","embeddable":true,"href":"https:\/\/diarioregionaldigital.com.br\/index.php?rest_route=%2Fwp%2Fv2%2Fcategories&post=88295"},{"taxonomy":"post_tag","embeddable":true,"href":"https:\/\/diarioregionaldigital.com.br\/index.php?rest_route=%2Fwp%2Fv2%2Ftags&post=88295"}],"curies":[{"name":"wp","href":"https:\/\/api.w.org\/{rel}","templated":true}]}}