{"id":88293,"date":"2017-12-27T20:41:25","date_gmt":"2017-12-27T22:41:25","guid":{"rendered":"http:\/\/diarioregionaljf.com.br\/2017\/12\/27\/venda-de-fogos-de-artificio-aumento-no-fim-do-ano-e-garante-a-festa-da-populacao-e-dos-comerciantes\/"},"modified":"2017-12-27T20:41:25","modified_gmt":"2017-12-27T22:41:25","slug":"venda-de-fogos-de-artificio-aumento-no-fim-do-ano-e-garante-a-festa-da-populacao-e-dos-comerciantes","status":"publish","type":"post","link":"https:\/\/diarioregionaldigital.com.br\/?p=88293","title":{"rendered":"Venda de fogos de artif\u00edcio aumento no fim do ano e garante a festa da popula\u00e7\u00e3o e dos comerciantes"},"content":{"rendered":"<p>Apesar de estarem envolvidos em assuntos pol\u00eamicos, os fogos de artif\u00edcios costumam fazer alegria das pessoas que comemoram a virada do ano e dos comerciantes. Lojas especializadas chegam a ter aumento consider\u00e1vel nas vendas, que se aquecem ainda mais a partir da segunda quinzena de dezembro, per\u00edodo em que a procura aumenta.<\/p>\n<p>De acordo com Marco Ant\u00f4nio Sa\u00e7\u00e7o, propriet\u00e1rio da loja Fogos Nicolino, o aumento nas vendas de fim de ano gira em torno de 400% a 500% com rela\u00e7\u00e3o a outras \u00e9pocas. \u201cExiste uma procura bem significativa, que se intensifica nas v\u00e9speras do Natal e do R\u00e9veillon\u201d, revela.<\/p>\n<p>O pre\u00e7o dos produtos pode variar de R$1,50 a R$1.300. \u201cDepende muito do que a pessoa quer. Temos produtos infantis, kits pequenos, kits grandes. Mas o pessoal gosta mais \u00e9 dos fogos coloridos\u201d, diz Sa\u00e7\u00e7o.<\/p>\n<p>Al\u00e9m da variedade de produtos, os clientes tamb\u00e9m recebem recomenda\u00e7\u00f5es. \u201cA primeira orienta\u00e7\u00e3o \u00e9 sempre comprar fogos de lojas legalizadas. Al\u00e9m disso, o usu\u00e1rio deve seguir as instru\u00e7\u00f5es que est\u00e3o na caixa e as t\u00e9cnicas de seguran\u00e7a que os vendedores passam para eles. \u00c9 importante n\u00e3o soltar fogos perto de \u00e1rvores, rede el\u00e9trica, sacadas de pr\u00e9dios, n\u00e3o ingerir bebidas alco\u00f3licas antes do manuseio, nem deixar os materiais nas m\u00e3os de crian\u00e7as e adolescentes\u201d, orienta.<\/p>\n<p>&nbsp;<\/p>\n<h4>ANIMAIS PRECISAM DE CUIDADOS EXTRAS<\/h4>\n<p>Outra dica est\u00e1 relacionada aos animais. O barulho que os fogos emitem pode prejudicar c\u00e3es e gatos. Al\u00e9m de causar danos \u00e0 audi\u00e7\u00e3o dos bichos, o barulho das explos\u00f5es pode resultar em ataques de p\u00e2nico e traumas. \u201cA audi\u00e7\u00e3o deles \u00e9 maior que a nossa. O barulho chega a causar dor e incomoda bastante. L\u00f3gico que varia de animal para animal. Alguns ficam estressados e querem sair do local a qualquer custo. Outros ficam tr\u00eamulos, e para aqueles que j\u00e1 possuem algum problema relacionado \u00e0 convuls\u00e3o \u00e9 pior ainda, j\u00e1 que com o estresse eles entram em colapso de forma mais r\u00e1pida\u201d, explica a m\u00e9dica veterin\u00e1ria Cristina Cardinelli.<\/p>\n<p>Em raz\u00e3o disso, cuidados especiais s\u00e3o necess\u00e1rios. \u201cA dica \u00e9 colocar um pouco de algod\u00e3o no ouvido do bicho para abafar o som. Tamb\u00e9m deve-se evitar deixar o animal sozinho e, se for o caso, procurar manter o ambiente tranquilo, de forma que ele n\u00e3o se assuste e se estresse. Em alguns casos, os animais costumam pular pela janela ou se machucar em alguma grade\u201d, lembra Cristina.<\/p>\n<p>Algumas pessoas costumam recorrer a medicamentos para diminuir o efeito do barulho nos animais. Entretanto, a pr\u00e1tica n\u00e3o \u00e9 recomendada pela veterin\u00e1ria. \u201c\u00c9 preciso ter cautela. O animal sedado fica por dentro do que est\u00e1 acontecendo. Isso significa que o estresse vai continuar em uma escala ainda maior, que pode atrapalhar ele a pular, andar, latir. Quando ele fica bastante irritado, a seda\u00e7\u00e3o pode ser indicada. Na d\u00favida, o ideal \u00e9 procurar um especialista, que vai avaliar qual o medicamento certo\u201d, orienta.<\/p>\n","protected":false},"excerpt":{"rendered":"<p>Apesar de estarem envolvidos em assuntos pol\u00eamicos, os fogos de artif\u00edcios costumam fazer alegria das pessoas que comemoram a virada do ano e dos comerciantes. Lojas especializadas chegam a ter aumento consider\u00e1vel nas vendas, que se aquecem ainda mais a partir da segunda quinzena de dezembro, per\u00edodo em que a procura aumenta. De acordo com [&hellip;]<\/p>\n","protected":false},"author":96,"featured_media":88292,"comment_status":"closed","ping_status":"closed","sticky":false,"template":"","format":"standard","meta":{"footnotes":""},"categories":[253],"tags":[],"class_list":["post-88293","post","type-post","status-publish","format-standard","has-post-thumbnail","hentry","category-cidade"],"_links":{"self":[{"href":"https:\/\/diarioregionaldigital.com.br\/index.php?rest_route=\/wp\/v2\/posts\/88293","targetHints":{"allow":["GET"]}}],"collection":[{"href":"https:\/\/diarioregionaldigital.com.br\/index.php?rest_route=\/wp\/v2\/posts"}],"about":[{"href":"https:\/\/diarioregionaldigital.com.br\/index.php?rest_route=\/wp\/v2\/types\/post"}],"author":[{"embeddable":true,"href":"https:\/\/diarioregionaldigital.com.br\/index.php?rest_route=\/wp\/v2\/users\/96"}],"replies":[{"embeddable":true,"href":"https:\/\/diarioregionaldigital.com.br\/index.php?rest_route=%2Fwp%2Fv2%2Fcomments&post=88293"}],"version-history":[{"count":0,"href":"https:\/\/diarioregionaldigital.com.br\/index.php?rest_route=\/wp\/v2\/posts\/88293\/revisions"}],"wp:featuredmedia":[{"embeddable":true,"href":"https:\/\/diarioregionaldigital.com.br\/index.php?rest_route=\/wp\/v2\/media\/88292"}],"wp:attachment":[{"href":"https:\/\/diarioregionaldigital.com.br\/index.php?rest_route=%2Fwp%2Fv2%2Fmedia&parent=88293"}],"wp:term":[{"taxonomy":"category","embeddable":true,"href":"https:\/\/diarioregionaldigital.com.br\/index.php?rest_route=%2Fwp%2Fv2%2Fcategories&post=88293"},{"taxonomy":"post_tag","embeddable":true,"href":"https:\/\/diarioregionaldigital.com.br\/index.php?rest_route=%2Fwp%2Fv2%2Ftags&post=88293"}],"curies":[{"name":"wp","href":"https:\/\/api.w.org\/{rel}","templated":true}]}}